{"id":115968,"date":"2017-06-27T16:38:11","date_gmt":"2017-06-27T19:38:11","guid":{"rendered":"https:\/\/www.redenoticia.com.br\/noticia\/?p=115968"},"modified":"2017-06-27T16:38:11","modified_gmt":"2017-06-27T19:38:11","slug":"resumo-novela-novo-mundo-2806-anna-descobre-que-joaquim-esta-livre","status":"publish","type":"post","link":"https:\/\/migracao.redenoticia.com.br\/noticia\/2017\/resumo-novela-novo-mundo-2806-anna-descobre-que-joaquim-esta-livre\/115968","title":{"rendered":"Resumo novela \u201cNovo Mundo\u201d 28\/06: Anna descobre que Joaquim est\u00e1 livre"},"content":{"rendered":"<p><img loading=\"lazy\" decoding=\"async\" class=\"alignleft size-thumbnail wp-image-107950\" src=\"https:\/\/migracao.redenoticia.com.br\/noticia\/imagens\/novo_mundo_novela_resumo_globo-150x112.jpg\" alt=\"\" width=\"150\" height=\"112\" srcset=\"https:\/\/migracao.redenoticia.com.br\/noticia\/imagens\/novo_mundo_novela_resumo_globo-150x112.jpg 150w, https:\/\/migracao.redenoticia.com.br\/noticia\/imagens\/novo_mundo_novela_resumo_globo-265x198.jpg 265w\" sizes=\"auto, (max-width: 150px) 100vw, 150px\" \/><strong><em>Resumo novela \u201cNovo Mundo\u201d 28\/06<\/em><\/strong>: no cap\u00edtulo 085(*) da novela \u201cNovo Mundo\u201d, resumo de quarta-feira, 28 de junho, Piat\u00e3, Olinto e Jacira afirmam que ajudar\u00e3o Joaquim a resgatar Anna. Licurgo estranha o comportamento de Germana. Hugo diz a Quinzinho que Joaquim escapou da pris\u00e3o. Thomas instala barras de ferro nas janelas de sua casa. Peter e Lib\u00e9rio anseiam pela reuni\u00e3o com Dom Pedro sobre a independ\u00eancia do Brasil. Leopoldina consegue avisar a Anna que Joaquim est\u00e1 livre. Hilda ouve quando Diara e Ferdinando falam sobre a atra\u00e7\u00e3o que sentem um pelo outro. Tibiri\u00e7\u00e1 garante a Joaquim que Elvira est\u00e1 viva. Incentivado por Domitila, Dom Pedro n\u00e3o comparece \u00e0 reuni\u00e3o com os liberais. Am\u00e1lia beija Peter. Elvira despista Jacinto, mas acaba presa.<\/p>\n<p>(*) edi\u00e7\u00e3o da Rede Globo, Novela \u201cNovo Mundo\u201d, sujeito a altera\u00e7\u00e3o de data e conte\u00fado.<\/p>\n<p>Novo Mundo \u00e9 uma telenovela brasileira produzida pela Rede Globo. Escrita por Thereza Falc\u00e3o e Alessandro Marson, conta com dire\u00e7\u00e3o art\u00edstica de Vin\u00edcius Coimbra. Conta com as participa\u00e7\u00f5es de Isabelle Drummond, Chay Suede, Caio Castro, Let\u00edcia Colin, Leo Jaime, D\u00e9bora Olivieri, Rodrigo Simas, Giullia Buscacio, Vivianne Pasmanter, Guilherme Piva, R\u00f4mulo Estrela, Agatha Moreira, Luisa Micheletti, Gabriel Braga Nunes, e Ingrid Guimar\u00e3es.<\/p>\n","protected":false},"excerpt":{"rendered":"<p>Resumo novela \u201cNovo Mundo\u201d 28\/06: no cap\u00edtulo 085(*) da novela \u201cNovo Mundo\u201d, resumo de quarta-feira, 28 de junho, Piat\u00e3, Olinto e Jacira afirmam que ajudar\u00e3o Joaquim a resgatar Anna. Licurgo estranha o comportamento de Germana. Hugo diz a Quinzinho que Joaquim escapou da pris\u00e3o. Thomas instala barras de ferro nas janelas de sua casa. Peter [&hellip;]<\/p>\n","protected":false},"author":4,"featured_media":107950,"comment_status":"open","ping_status":"closed","sticky":false,"template":"","format":"standard","meta":{"tdm_status":"","tdm_grid_status":"","footnotes":""},"categories":[379,375,343],"tags":[441],"class_list":{"0":"post-115968","1":"post","2":"type-post","3":"status-publish","4":"format-standard","5":"has-post-thumbnail","7":"category-novelas","8":"category-rede-globo","9":"category-televisao","10":"tag-resumo-do-dia"},"_links":{"self":[{"href":"https:\/\/migracao.redenoticia.com.br\/noticia\/wp-json\/wp\/v2\/posts\/115968","targetHints":{"allow":["GET"]}}],"collection":[{"href":"https:\/\/migracao.redenoticia.com.br\/noticia\/wp-json\/wp\/v2\/posts"}],"about":[{"href":"https:\/\/migracao.redenoticia.com.br\/noticia\/wp-json\/wp\/v2\/types\/post"}],"author":[{"embeddable":true,"href":"https:\/\/migracao.redenoticia.com.br\/noticia\/wp-json\/wp\/v2\/users\/4"}],"replies":[{"embeddable":true,"href":"https:\/\/migracao.redenoticia.com.br\/noticia\/wp-json\/wp\/v2\/comments?post=115968"}],"version-history":[{"count":0,"href":"https:\/\/migracao.redenoticia.com.br\/noticia\/wp-json\/wp\/v2\/posts\/115968\/revisions"}],"wp:featuredmedia":[{"embeddable":true,"href":"https:\/\/migracao.redenoticia.com.br\/noticia\/wp-json\/wp\/v2\/media\/107950"}],"wp:attachment":[{"href":"https:\/\/migracao.redenoticia.com.br\/noticia\/wp-json\/wp\/v2\/media?parent=115968"}],"wp:term":[{"taxonomy":"category","embeddable":true,"href":"https:\/\/migracao.redenoticia.com.br\/noticia\/wp-json\/wp\/v2\/categories?post=115968"},{"taxonomy":"post_tag","embeddable":true,"href":"https:\/\/migracao.redenoticia.com.br\/noticia\/wp-json\/wp\/v2\/tags?post=115968"}],"curies":[{"name":"wp","href":"https:\/\/api.w.org\/{rel}","templated":true}]}}