{"id":115977,"date":"2017-06-28T00:04:05","date_gmt":"2017-06-28T03:04:05","guid":{"rendered":"https:\/\/www.redenoticia.com.br\/noticia\/?p=115977"},"modified":"2017-06-27T19:05:23","modified_gmt":"2017-06-27T22:05:23","slug":"poli-usp-e-inct-ema-oferecem-mba-em-gestao-de-areas-contaminadas","status":"publish","type":"post","link":"https:\/\/migracao.redenoticia.com.br\/noticia\/2017\/poli-usp-e-inct-ema-oferecem-mba-em-gestao-de-areas-contaminadas\/115977","title":{"rendered":"Poli-USP e INCT-EMA oferecem MBA em gest\u00e3o de \u00e1reas contaminadas"},"content":{"rendered":"<p>Ag\u00eancia FAPESP \u2013 O Instituto Nacional de Ci\u00eancia e Tecnologia de Estudos do Meio Ambiente (INCT-EMA) do Departamento de Engenharia Qu\u00edmica da Escola Polit\u00e9cnica da Universidade de S\u00e3o Paulo (Poli-USP) est\u00e1 com as inscri\u00e7\u00f5es abertas para o curso <strong><em>MBA em Gest\u00e3o de \u00c1reas Contaminadas, Desenvolvimento Urbano Sustent\u00e1vel e Revitaliza\u00e7\u00e3o de Brownfields<\/em><\/strong>.<\/p>\n<p>As inscri\u00e7\u00f5es est\u00e3o abertas at\u00e9 15 de agosto. N\u00e3o \u00e9 cobrada taxa de inscri\u00e7\u00e3o. As aulas come\u00e7ar\u00e3o em 29 de agosto.<\/p>\n<p>O curso \u00e9 destinado a profissionais com forma\u00e7\u00e3o superior (engenheiros, tecn\u00f3logos, gestores p\u00fablicos), interessados na \u00e1rea ambiental e em aprofundar seus conhecimentos em quest\u00f5es relacionadas a \u00e1reas contaminadas e revitaliza\u00e7\u00e3o de brownfields (terrenos que podem estar contaminados por baixas concentra\u00e7\u00f5es de lixo t\u00f3xico ou polui\u00e7\u00e3o e que t\u00eam potencial para serem reutilizados, como antigos galp\u00f5es comerciais e industriais).<\/p>\n<p>O MBA ser\u00e1 ofertado a dist\u00e2ncia, com avalia\u00e7\u00f5es presenciais realizadas no campus da USP em S\u00e3o Paulo em dois momentos durante o ano. Haver\u00e1 tamb\u00e9m duas aulas s\u00edncronas (por videoconfer\u00eancia) em cada disciplina, de acordo com calend\u00e1rio a ser disponibilizado futuramente aos alunos.<\/p>\n<p>\u201cTrata-se do \u00fanico curso no Brasil nesses moldes a oferecer um certificado USP. Ele tamb\u00e9m j\u00e1 atende \u00e0 Decis\u00e3o de Diretoria 38\/17 da Cetesb, que estabelece procedimentos para a prote\u00e7\u00e3o da qualidade do solo e das \u00e1guas subterr\u00e2neas e diretrizes para gerenciamento de \u00e1reas contaminadas no \u00e2mbito do licenciamento ambiental, bem como a Resolu\u00e7\u00e3o Conama 420\/2009 de \u00e2mbito nacional\u201d, destaca a pesquisadora do INCT-EMA Marilda Ramos Vianna.<\/p>\n<p>Com tempo de dura\u00e7\u00e3o de 360 horas de aula distribu\u00eddas ao longo de 18 meses e 60 horas de monografia ao longo de seis meses, o curso \u00e9 composto por 20 disciplinas com videoaulas gravadas pelos docentes respons\u00e1veis, duas disciplinas on-line concomitantes, al\u00e9m de bibliografia recomendada e atividades como f\u00f3runs, chats e exerc\u00edcios. Haver\u00e1 provas presenciais na USP. A matr\u00edcula \u00e9 de R$ 1.160,00, mais 24 parcelas desse mesmo valor.<\/p>\n<p>Mais informa\u00e7\u00f5es: .<\/p>\n","protected":false},"excerpt":{"rendered":"<p>Ag\u00eancia FAPESP \u2013 O Instituto Nacional de Ci\u00eancia e Tecnologia de Estudos do Meio Ambiente (INCT-EMA) do Departamento de Engenharia Qu\u00edmica da Escola Polit\u00e9cnica da Universidade de S\u00e3o Paulo (Poli-USP) est\u00e1 com as inscri\u00e7\u00f5es abertas para o curso MBA em Gest\u00e3o de \u00c1reas Contaminadas, Desenvolvimento Urbano Sustent\u00e1vel e Revitaliza\u00e7\u00e3o de Brownfields. As inscri\u00e7\u00f5es est\u00e3o abertas [&hellip;]<\/p>\n","protected":false},"author":2,"featured_media":34681,"comment_status":"open","ping_status":"closed","sticky":false,"template":"","format":"standard","meta":{"tdm_status":"","tdm_grid_status":"","footnotes":""},"categories":[22,351,370],"tags":[],"class_list":{"0":"post-115977","1":"post","2":"type-post","3":"status-publish","4":"format-standard","5":"has-post-thumbnail","7":"category-brasil","8":"category-cursos","9":"category-inscricao"},"_links":{"self":[{"href":"https:\/\/migracao.redenoticia.com.br\/noticia\/wp-json\/wp\/v2\/posts\/115977","targetHints":{"allow":["GET"]}}],"collection":[{"href":"https:\/\/migracao.redenoticia.com.br\/noticia\/wp-json\/wp\/v2\/posts"}],"about":[{"href":"https:\/\/migracao.redenoticia.com.br\/noticia\/wp-json\/wp\/v2\/types\/post"}],"author":[{"embeddable":true,"href":"https:\/\/migracao.redenoticia.com.br\/noticia\/wp-json\/wp\/v2\/users\/2"}],"replies":[{"embeddable":true,"href":"https:\/\/migracao.redenoticia.com.br\/noticia\/wp-json\/wp\/v2\/comments?post=115977"}],"version-history":[{"count":0,"href":"https:\/\/migracao.redenoticia.com.br\/noticia\/wp-json\/wp\/v2\/posts\/115977\/revisions"}],"wp:featuredmedia":[{"embeddable":true,"href":"https:\/\/migracao.redenoticia.com.br\/noticia\/wp-json\/wp\/v2\/media\/34681"}],"wp:attachment":[{"href":"https:\/\/migracao.redenoticia.com.br\/noticia\/wp-json\/wp\/v2\/media?parent=115977"}],"wp:term":[{"taxonomy":"category","embeddable":true,"href":"https:\/\/migracao.redenoticia.com.br\/noticia\/wp-json\/wp\/v2\/categories?post=115977"},{"taxonomy":"post_tag","embeddable":true,"href":"https:\/\/migracao.redenoticia.com.br\/noticia\/wp-json\/wp\/v2\/tags?post=115977"}],"curies":[{"name":"wp","href":"https:\/\/api.w.org\/{rel}","templated":true}]}}