{"id":116,"date":"2009-04-08T12:02:00","date_gmt":"2009-04-08T15:02:00","guid":{"rendered":"http:\/\/www.redenoticia.com.br\/noticia\/?p=116"},"modified":"2009-04-09T22:30:54","modified_gmt":"2009-04-10T01:30:54","slug":"ji-parana-recebera-visita-de-ministro","status":"publish","type":"post","link":"https:\/\/migracao.redenoticia.com.br\/noticia\/2009\/ji-parana-recebera-visita-de-ministro\/116","title":{"rendered":"Ji-Paran\u00e1 receber\u00e1 visita de Ministro"},"content":{"rendered":"<p style=\"MARGIN: 0cm 0cm 12pt\"><img loading=\"lazy\" decoding=\"async\" class=\"alignleft\" src=\"http:\/\/farm4.static.flickr.com\/3602\/3424308086_94ab148c71_o.jpg\" alt=\"\" width=\"200\" height=\"230\" \/>O ministro dos Transportes, Alfredo Nascimento (PR), visitar\u00e1 Rond\u00f4nia em maio e anunciou que assinar\u00e1 Ordem de Servi\u00e7o para o in\u00edcio das obras da BR-429, no munic\u00edpio de Alvorada do Oeste. A estimativa \u00e9 que 150 quil\u00f4metros de estrada sejam constru\u00eddos em tr\u00eas trechos da rodovia: de Alvorada a Presidente M\u00e9dici, de Alvorada a S\u00e3o Miguel do Guapor\u00e9 e de Costa Marques a S\u00e3o Francisco do Guapor\u00e9. A visita foi confirmada ontem no in\u00edcio da noite na presen\u00e7a do senador Expedito J\u00fanior (PR\/RO), do l\u00edder do PR no Senado, senador Jo\u00e3o Ribeiro (PR\/TO), e do prefeito Laerte Gomes, de Alvorada do Oeste, durante audi\u00eancia no Minist\u00e9rio dos Transportes. O ministro tamb\u00e9m visitar\u00e1 o anel vi\u00e1rio de Ji-Paran\u00e1, obra que est\u00e1 sendo realizada pelo Governo de Rond\u00f4nia, mas que \u00e9 de responsabilidade do Governo Federal. Alfredo Nascimento estuda compensar o Estado por interm\u00e9dio de outros conv\u00eanios. O ministro dever\u00e1 anunciar ainda a retomada da obra de duplica\u00e7\u00e3o da BR-364, no per\u00edmetro urbano de Vilhena. &#8220;Todas essas obras s\u00e3o muito importantes para o Estado. O anel vi\u00e1rio de Ji-Paran\u00e1 vai resolver um problema cr\u00f4nico de desvio paralelo \u00e0 BR-364. \u00c9 a \u00fanica estrada que liga Rond\u00f4nia ao resto do pa\u00eds. E quando chove, na BR-429, cinco munic\u00edpios ficam ilhados. Queremos de essas obras saiam do papel de uma vez por todas, e que n\u00e3o sejam mais usadas como trampolim pol\u00edtico&#8221;, afirmou Expedito J\u00fanior.<\/p>\n<p style=\"MARGIN: 0cm 0cm 12pt\">Expedito J\u00fanior tamb\u00e9m anuncia que em seu cent\u00e9simo projeto quer alterar a lei de diretrizes e bases da educa\u00e7\u00e3o para incluir o ensino de \u00c9tica Social e Pol\u00edtica como disciplina obrigat\u00f3ria no curr\u00edculo do ensino m\u00e9dio. &#8220;Queremos fortalecer a forma\u00e7\u00e3o moral e \u00e9tica dos jovens brasileiros, sem fundamenta\u00e7\u00e3o em pensamentos ideol\u00f3gicos espec\u00edficos, mas fundado numa base ampla, sob uma vis\u00e3o o mais imparcial poss\u00edvel&#8221;, disse o senador, que acredita que os frutos desse projeto ser\u00e3o colhidos pelas gera\u00e7\u00f5es futuras.<\/p>\n<p>Fonte Ag\u00eancia Senado <br style=\"mso-special-character: line-break\" \/> <br style=\"mso-special-character: line-break\" \/><\/p>\n","protected":false},"excerpt":{"rendered":"<p>O ministro dos Transportes, Alfredo Nascimento (PR), visitar\u00e1 Rond\u00f4nia em maio e anunciou que assinar\u00e1 Ordem de Servi\u00e7o para o in\u00edcio das obras da BR-429, no munic\u00edpio de Alvorada do Oeste. A estimativa \u00e9 que 150 quil\u00f4metros de estrada sejam constru\u00eddos em tr\u00eas trechos da rodovia: de Alvorada a Presidente M\u00e9dici, de Alvorada a S\u00e3o [&hellip;]<\/p>\n","protected":false},"author":2,"featured_media":0,"comment_status":"open","ping_status":"open","sticky":false,"template":"","format":"standard","meta":{"tdm_status":"","tdm_grid_status":"","footnotes":""},"categories":[7],"tags":[],"class_list":{"0":"post-116","1":"post","2":"type-post","3":"status-publish","4":"format-standard","6":"category-economia"},"_links":{"self":[{"href":"https:\/\/migracao.redenoticia.com.br\/noticia\/wp-json\/wp\/v2\/posts\/116","targetHints":{"allow":["GET"]}}],"collection":[{"href":"https:\/\/migracao.redenoticia.com.br\/noticia\/wp-json\/wp\/v2\/posts"}],"about":[{"href":"https:\/\/migracao.redenoticia.com.br\/noticia\/wp-json\/wp\/v2\/types\/post"}],"author":[{"embeddable":true,"href":"https:\/\/migracao.redenoticia.com.br\/noticia\/wp-json\/wp\/v2\/users\/2"}],"replies":[{"embeddable":true,"href":"https:\/\/migracao.redenoticia.com.br\/noticia\/wp-json\/wp\/v2\/comments?post=116"}],"version-history":[{"count":0,"href":"https:\/\/migracao.redenoticia.com.br\/noticia\/wp-json\/wp\/v2\/posts\/116\/revisions"}],"wp:attachment":[{"href":"https:\/\/migracao.redenoticia.com.br\/noticia\/wp-json\/wp\/v2\/media?parent=116"}],"wp:term":[{"taxonomy":"category","embeddable":true,"href":"https:\/\/migracao.redenoticia.com.br\/noticia\/wp-json\/wp\/v2\/categories?post=116"},{"taxonomy":"post_tag","embeddable":true,"href":"https:\/\/migracao.redenoticia.com.br\/noticia\/wp-json\/wp\/v2\/tags?post=116"}],"curies":[{"name":"wp","href":"https:\/\/api.w.org\/{rel}","templated":true}]}}