{"id":116012,"date":"2017-06-28T16:44:43","date_gmt":"2017-06-28T19:44:43","guid":{"rendered":"https:\/\/www.redenoticia.com.br\/noticia\/?p=116012"},"modified":"2017-06-29T22:49:37","modified_gmt":"2017-06-30T01:49:37","slug":"novela-o-rico-e-lazaro-resumo-2906-nabucodonosor-pede-para-deus-salvar-daniel","status":"publish","type":"post","link":"https:\/\/migracao.redenoticia.com.br\/noticia\/2017\/novela-o-rico-e-lazaro-resumo-2906-nabucodonosor-pede-para-deus-salvar-daniel\/116012","title":{"rendered":"Novela \u201cO Rico e L\u00e1zaro\u201d resumo 29\/06: Joana conversa com Naomi"},"content":{"rendered":"<p> <img loading=\"lazy\" decoding=\"async\" src=\"https:\/\/migracao.redenoticia.com.br\/noticia\/imagens\/o_rico_e_o_lazaro_resumo_novela_record-150x112.jpg\" alt=\"\" width=\"150\" height=\"112\" class=\"alignleft size-thumbnail wp-image-107948\" srcset=\"https:\/\/migracao.redenoticia.com.br\/noticia\/imagens\/o_rico_e_o_lazaro_resumo_novela_record-150x112.jpg 150w, https:\/\/migracao.redenoticia.com.br\/noticia\/imagens\/o_rico_e_o_lazaro_resumo_novela_record-265x198.jpg 265w\" sizes=\"auto, (max-width: 150px) 100vw, 150px\" \/><strong><em>Novela \u201cO Rico e L\u00e1zaro\u201d resumo 29\/06<\/em><\/strong>: no capitulo 079(*) da novela \u201cO Rico e L\u00e1zaro\u201d, quinta-feira, 29 de junho, Matias segue para o alojamento das escravas. Sammu-Ramat finge estar preocupada com Daniel. Evil segue para ver o estado de sa\u00fade do governador. Nit\u00f3cris d\u00e1 dicas de beleza para Neusta. Em conversa com Joaquim, os s\u00e1bios hebreus falam sobre o reino de Tiro. Fassur discute com Ravina e Zadoque para ver quem administrar\u00e1 a sinagoga. Amitis conversa com o rei sobre a chegada da princesa de Tiro. Evil diz se sentir culpado pelo ataque a Daniel. <\/p>\n<p>Shag-Shag se surpreende ao saber que pediu o general em casamento. Shamiran se sente ofendida com as palavras de Neusta. Zac fica nervoso ao saber que Joana foi com Matias at\u00e9 o alojamento de escravos. Para n\u00e3o tornarem-se suspeitos, Sammu sugere que Beroso traga Lia para cuidar de Daniel. Rabe-S\u00e1ris e Arioque falam sobre a investiga\u00e7\u00e3o da morte de Chaim. Nicolau ajuda Absalom a tentar conquistar Dana. Shamir v\u00ea Talita e Samira cochichando. Elga diz acreditar na inoc\u00eancia de Shag-Shag. <\/p>\n<p>Andando pelas ruas, Fassur pede votos para os hebreus. Talita e Samira v\u00e3o at\u00e9 a Casa da Lua e se encontram \u00e0s escondidas com Zabaia. Elas fecham um acordo para dan\u00e7arem no estabelecimento. Aspenaz anuncia a chegada da comitiva da princesa de Tiro. Asher e Lior se impressionam ao verem a constru\u00e7\u00e3o da est\u00e1tua do rei no Campo de Dura. Joana conversa com Naomi e descobre a exist\u00eancia de um escravo chamado Lobo de Jud\u00e1. Zac v\u00ea a amada falando com a escrava e fica desesperado.<\/p>\n<p>(*) edi\u00e7\u00e3o da Rede Record, Novela \u201cO Rico e L\u00e1zaro\u201d, sujeito a altera\u00e7\u00e3o de data e conte\u00fado.<\/p>\n","protected":false},"excerpt":{"rendered":"<p>Novela \u201cO Rico e L\u00e1zaro\u201d resumo 29\/06: no capitulo 079(*) da novela \u201cO Rico e L\u00e1zaro\u201d, quinta-feira, 29 de junho, Matias segue para o alojamento das escravas. Sammu-Ramat finge estar preocupada com Daniel. Evil segue para ver o estado de sa\u00fade do governador. Nit\u00f3cris d\u00e1 dicas de beleza para Neusta. Em conversa com Joaquim, os [&hellip;]<\/p>\n","protected":false},"author":2,"featured_media":107948,"comment_status":"open","ping_status":"closed","sticky":false,"template":"","format":"standard","meta":{"tdm_status":"","tdm_grid_status":"","footnotes":""},"categories":[379,343],"tags":[441],"class_list":{"0":"post-116012","1":"post","2":"type-post","3":"status-publish","4":"format-standard","5":"has-post-thumbnail","7":"category-novelas","8":"category-televisao","9":"tag-resumo-do-dia"},"_links":{"self":[{"href":"https:\/\/migracao.redenoticia.com.br\/noticia\/wp-json\/wp\/v2\/posts\/116012","targetHints":{"allow":["GET"]}}],"collection":[{"href":"https:\/\/migracao.redenoticia.com.br\/noticia\/wp-json\/wp\/v2\/posts"}],"about":[{"href":"https:\/\/migracao.redenoticia.com.br\/noticia\/wp-json\/wp\/v2\/types\/post"}],"author":[{"embeddable":true,"href":"https:\/\/migracao.redenoticia.com.br\/noticia\/wp-json\/wp\/v2\/users\/2"}],"replies":[{"embeddable":true,"href":"https:\/\/migracao.redenoticia.com.br\/noticia\/wp-json\/wp\/v2\/comments?post=116012"}],"version-history":[{"count":0,"href":"https:\/\/migracao.redenoticia.com.br\/noticia\/wp-json\/wp\/v2\/posts\/116012\/revisions"}],"wp:featuredmedia":[{"embeddable":true,"href":"https:\/\/migracao.redenoticia.com.br\/noticia\/wp-json\/wp\/v2\/media\/107948"}],"wp:attachment":[{"href":"https:\/\/migracao.redenoticia.com.br\/noticia\/wp-json\/wp\/v2\/media?parent=116012"}],"wp:term":[{"taxonomy":"category","embeddable":true,"href":"https:\/\/migracao.redenoticia.com.br\/noticia\/wp-json\/wp\/v2\/categories?post=116012"},{"taxonomy":"post_tag","embeddable":true,"href":"https:\/\/migracao.redenoticia.com.br\/noticia\/wp-json\/wp\/v2\/tags?post=116012"}],"curies":[{"name":"wp","href":"https:\/\/api.w.org\/{rel}","templated":true}]}}