{"id":116020,"date":"2017-06-29T00:04:51","date_gmt":"2017-06-29T03:04:51","guid":{"rendered":"https:\/\/www.redenoticia.com.br\/noticia\/?p=116020"},"modified":"2017-06-28T13:33:38","modified_gmt":"2017-06-28T16:33:38","slug":"fatecs-divulgam-locais-do-vestibular-para-o-segundo-semestre","status":"publish","type":"post","link":"https:\/\/migracao.redenoticia.com.br\/noticia\/2017\/fatecs-divulgam-locais-do-vestibular-para-o-segundo-semestre\/116020","title":{"rendered":"Fatecs divulgam locais do Vestibular para o segundo semestre"},"content":{"rendered":"<p> Os candidatos que far\u00e3o o processo seletivo das Faculdades de Tecnologia do Estado de S\u00e3o Paulo (<strong><em>Fatecs<\/em><\/strong>), no pr\u00f3ximo domingo (2), j\u00e1 podem conferir a lista dos locais de exame na unidade em que pretendem estudar. A prova do Vestibular para o segundo semestre de 2017 come\u00e7a \u00e0s 13h e ter\u00e1 no m\u00e1ximo cinco horas de dura\u00e7\u00e3o.<\/p>\n<p>Os port\u00f5es das escolas ser\u00e3o abertos \u00e0s 12h15. O fechamento ocorrer\u00e1 \u00e0s 13h, sem adiamentos. A rela\u00e7\u00e3o dos locais de aplica\u00e7\u00e3o tamb\u00e9m est\u00e1 dispon\u00edvel no portal do .<\/p>\n<p>A prova ter\u00e1 uma reda\u00e7\u00e3o e 54 quest\u00f5es de m\u00faltipla escolha, cada uma com cinco alternativas. Do total, 40 quest\u00f5es abordam o n\u00facleo comum do Ensino M\u00e9dio. Ser\u00e3o cinco perguntas de oito disciplinas: Biologia, F\u00edsica, Geografia, Hist\u00f3ria, Ingl\u00eas, Matem\u00e1tica, Qu\u00edmi-0ca e Portugu\u00eas. Outros cinco enunciados envolvem racioc\u00ednio l\u00f3gico e nove quest\u00f5es abrangem conte\u00fado multidisciplinar.<\/p>\n<p>Orienta\u00e7\u00f5es<\/p>\n<p>Para fazer o exame, \u00e9 preciso levar caneta esferogr\u00e1fica de tinta preta ou azul, l\u00e1pis preto n\u00ba 2, borracha.<\/p>\n<p>Al\u00e9m do material a ser utilizado \u00e9 preciso apresentar o original de um dos seguintes documentos: carteira de identidade (RG); c\u00e9dula de identidade de estrangeiros (RNE) dentro da validade; carteira nacional de habilita\u00e7\u00e3o (CNH) com foto, dentro da validade; documento expedido por ordens ou conselhos profissionais, dentro da validade, que, por lei federal, vale como documento de identidade (exemplo: OAB, Coren e Crea, entre outros); Carteira de Trabalho e Previd\u00eancia Social (CTPS) ou passaporte brasileiro, dentro do prazo de validade.<\/p>\n<p>Oito conjuntos de quest\u00f5es do Vestibular ter\u00e3o peso um e dois conjuntos, peso dois, de acordo com o eixo tecnol\u00f3gico a que pertence o curso escolhido pelo candidato. O gabarito oficial ser\u00e1 divulgado no domingo (2), a partir de 18h30, nos sites do Vestibular das Fatecs e do , que administra as Faculdades de Tecnologia do Estado.<\/p>\n<p>Do Portal do Governo SP<\/p>\n","protected":false},"excerpt":{"rendered":"<p>Os candidatos que far\u00e3o o processo seletivo das Faculdades de Tecnologia do Estado de S\u00e3o Paulo (Fatecs), no pr\u00f3ximo domingo (2), j\u00e1 podem conferir a lista dos locais de exame na unidade em que pretendem estudar. A prova do Vestibular para o segundo semestre de 2017 come\u00e7a \u00e0s 13h e ter\u00e1 no m\u00e1ximo cinco horas [&hellip;]<\/p>\n","protected":false},"author":2,"featured_media":34896,"comment_status":"open","ping_status":"closed","sticky":false,"template":"","format":"standard","meta":{"tdm_status":"","tdm_grid_status":"","footnotes":""},"categories":[22,370,295],"tags":[],"class_list":{"0":"post-116020","1":"post","2":"type-post","3":"status-publish","4":"format-standard","5":"has-post-thumbnail","7":"category-brasil","8":"category-inscricao","9":"category-vestibular"},"_links":{"self":[{"href":"https:\/\/migracao.redenoticia.com.br\/noticia\/wp-json\/wp\/v2\/posts\/116020","targetHints":{"allow":["GET"]}}],"collection":[{"href":"https:\/\/migracao.redenoticia.com.br\/noticia\/wp-json\/wp\/v2\/posts"}],"about":[{"href":"https:\/\/migracao.redenoticia.com.br\/noticia\/wp-json\/wp\/v2\/types\/post"}],"author":[{"embeddable":true,"href":"https:\/\/migracao.redenoticia.com.br\/noticia\/wp-json\/wp\/v2\/users\/2"}],"replies":[{"embeddable":true,"href":"https:\/\/migracao.redenoticia.com.br\/noticia\/wp-json\/wp\/v2\/comments?post=116020"}],"version-history":[{"count":0,"href":"https:\/\/migracao.redenoticia.com.br\/noticia\/wp-json\/wp\/v2\/posts\/116020\/revisions"}],"wp:featuredmedia":[{"embeddable":true,"href":"https:\/\/migracao.redenoticia.com.br\/noticia\/wp-json\/wp\/v2\/media\/34896"}],"wp:attachment":[{"href":"https:\/\/migracao.redenoticia.com.br\/noticia\/wp-json\/wp\/v2\/media?parent=116020"}],"wp:term":[{"taxonomy":"category","embeddable":true,"href":"https:\/\/migracao.redenoticia.com.br\/noticia\/wp-json\/wp\/v2\/categories?post=116020"},{"taxonomy":"post_tag","embeddable":true,"href":"https:\/\/migracao.redenoticia.com.br\/noticia\/wp-json\/wp\/v2\/tags?post=116020"}],"curies":[{"name":"wp","href":"https:\/\/api.w.org\/{rel}","templated":true}]}}