{"id":116041,"date":"2017-06-29T16:40:49","date_gmt":"2017-06-29T19:40:49","guid":{"rendered":"https:\/\/www.redenoticia.com.br\/noticia\/?p=116041"},"modified":"2017-06-30T18:38:41","modified_gmt":"2017-06-30T21:38:41","slug":"novela-ribeirao-do-tempo-resumo-3006-diana-encontra-lilian-machucada","status":"publish","type":"post","link":"https:\/\/migracao.redenoticia.com.br\/noticia\/2017\/novela-ribeirao-do-tempo-resumo-3006-diana-encontra-lilian-machucada\/116041","title":{"rendered":"Novela \u201cRibeir\u00e3o do Tempo\u201d resumo 30\/06: Diana encontra L\u00edlian machucada"},"content":{"rendered":"<p> <img loading=\"lazy\" decoding=\"async\" src=\"https:\/\/migracao.redenoticia.com.br\/noticia\/imagens\/ribeirao_do_tempo_novela_record_resumo-150x112.jpg\" alt=\"\" width=\"150\" height=\"112\" class=\"alignleft size-thumbnail wp-image-108265\" srcset=\"https:\/\/migracao.redenoticia.com.br\/noticia\/imagens\/ribeirao_do_tempo_novela_record_resumo-150x112.jpg 150w, https:\/\/migracao.redenoticia.com.br\/noticia\/imagens\/ribeirao_do_tempo_novela_record_resumo-265x198.jpg 265w\" sizes=\"auto, (max-width: 150px) 100vw, 150px\" \/><strong><em>Novela \u201cRibeir\u00e3o do Tempo\u201d resumo 30\/06<\/em><\/strong>: no capitulo 084 (*) da novela \u201cRibeir\u00e3o do Tempo\u201d, sexta-feira, 30 de junho, Sereno explica para Flores como vai hackear um computador e fazer com que ningu\u00e9m descubra que s\u00e3o eles que est\u00e3o por tr\u00e1s do movimento. Joca procura Ellen e fala que quer investigar o acidente por conta pr\u00f3pria. Filomena fica feliz ao receber flores de Tito. Diana conta \u00e0 Fil\u00f3 que Tito deu carona para Karina. <\/p>\n<p>Filomena fica perturbada. Tito n\u00e3o conta \u00e0 Filomena que esteve com Karina. Fil\u00f3 conversa com Tito sobre algumas ideias que teve sobre o casamento. Flores diz a Sereno que vai escrever um manifesto em rea\u00e7\u00e3o a mais um crime da Conspira\u00e7\u00e3o e revela que Joca ser\u00e1 eliminado. Newton d\u00e1 algumas informa\u00e7\u00f5es para que Joca consiga investigar o acidente. L\u00edlian entra no quarto de Nicolau, que lhe bate com muita viol\u00eancia. Arminda escolhe a roupa para Diana ir ao jantar na casa do senador. Larissa v\u00ea o rosto de L\u00edlian todo machucado e fica horrorizada.<\/p>\n<p>Sereno liga para Flores e conta que Joca est\u00e1 conversando com Newton. Beatriz confessa a Larissa que no fundo \u00c9rico estava certo quando dizia que Nicolau \u00e9 doente. Beatriz fala para Nicolau que n\u00e3o quer L\u00edlian na casa dela. O senador diz que precisa de L\u00edlian e ressalta que \u00e9 ele quem manda na casa.<\/p>\n<p>(*) edi\u00e7\u00e3o da Rede Record, Novela \u201cRibeir\u00e3o do Tempo\u201d, sujeito a altera\u00e7\u00e3o de data e conte\u00fado.<\/p>\n","protected":false},"excerpt":{"rendered":"<p>Novela \u201cRibeir\u00e3o do Tempo\u201d resumo 30\/06: no capitulo 084 (*) da novela \u201cRibeir\u00e3o do Tempo\u201d, sexta-feira, 30 de junho, Sereno explica para Flores como vai hackear um computador e fazer com que ningu\u00e9m descubra que s\u00e3o eles que est\u00e3o por tr\u00e1s do movimento. Joca procura Ellen e fala que quer investigar o acidente por conta [&hellip;]<\/p>\n","protected":false},"author":2,"featured_media":108265,"comment_status":"open","ping_status":"closed","sticky":false,"template":"","format":"standard","meta":{"tdm_status":"","tdm_grid_status":"","footnotes":""},"categories":[379,371,343],"tags":[441],"class_list":{"0":"post-116041","1":"post","2":"type-post","3":"status-publish","4":"format-standard","5":"has-post-thumbnail","7":"category-novelas","8":"category-rede-record","9":"category-televisao","10":"tag-resumo-do-dia"},"_links":{"self":[{"href":"https:\/\/migracao.redenoticia.com.br\/noticia\/wp-json\/wp\/v2\/posts\/116041","targetHints":{"allow":["GET"]}}],"collection":[{"href":"https:\/\/migracao.redenoticia.com.br\/noticia\/wp-json\/wp\/v2\/posts"}],"about":[{"href":"https:\/\/migracao.redenoticia.com.br\/noticia\/wp-json\/wp\/v2\/types\/post"}],"author":[{"embeddable":true,"href":"https:\/\/migracao.redenoticia.com.br\/noticia\/wp-json\/wp\/v2\/users\/2"}],"replies":[{"embeddable":true,"href":"https:\/\/migracao.redenoticia.com.br\/noticia\/wp-json\/wp\/v2\/comments?post=116041"}],"version-history":[{"count":0,"href":"https:\/\/migracao.redenoticia.com.br\/noticia\/wp-json\/wp\/v2\/posts\/116041\/revisions"}],"wp:featuredmedia":[{"embeddable":true,"href":"https:\/\/migracao.redenoticia.com.br\/noticia\/wp-json\/wp\/v2\/media\/108265"}],"wp:attachment":[{"href":"https:\/\/migracao.redenoticia.com.br\/noticia\/wp-json\/wp\/v2\/media?parent=116041"}],"wp:term":[{"taxonomy":"category","embeddable":true,"href":"https:\/\/migracao.redenoticia.com.br\/noticia\/wp-json\/wp\/v2\/categories?post=116041"},{"taxonomy":"post_tag","embeddable":true,"href":"https:\/\/migracao.redenoticia.com.br\/noticia\/wp-json\/wp\/v2\/tags?post=116041"}],"curies":[{"name":"wp","href":"https:\/\/api.w.org\/{rel}","templated":true}]}}