{"id":116045,"date":"2017-06-29T16:42:47","date_gmt":"2017-06-29T19:42:47","guid":{"rendered":"https:\/\/www.redenoticia.com.br\/noticia\/?p=116045"},"modified":"2017-06-30T20:48:32","modified_gmt":"2017-06-30T23:48:32","slug":"novela-a-escrava-isaura-resumo-3006-leoncio-prende-isaura","status":"publish","type":"post","link":"https:\/\/migracao.redenoticia.com.br\/noticia\/2017\/novela-a-escrava-isaura-resumo-3006-leoncio-prende-isaura\/116045","title":{"rendered":"Novela \u201cA Escrava Isaura\u201d resumo 30\/06: Le\u00f4ncio prende Isaura"},"content":{"rendered":"<p> <img loading=\"lazy\" decoding=\"async\" class=\"alignleft size-thumbnail wp-image-103446\" src=\"https:\/\/migracao.redenoticia.com.br\/noticia\/imagens\/a_escrava_isaura_record_novela_resumo-150x112.jpg\" alt=\"\" width=\"150\" height=\"112\" srcset=\"https:\/\/migracao.redenoticia.com.br\/noticia\/imagens\/a_escrava_isaura_record_novela_resumo-150x112.jpg 150w, https:\/\/migracao.redenoticia.com.br\/noticia\/imagens\/a_escrava_isaura_record_novela_resumo-265x198.jpg 265w\" sizes=\"auto, (max-width: 150px) 100vw, 150px\" \/><strong><em>Novela \u201cA Escrava Isaura\u201d resumo 30\/06<\/em><\/strong>: no capitulo 125 (*) da novela \u201cA Escrava Isaura\u201d, sexta-feira, 30 de junho, Isaura conta a Rosa que deseja compr\u00e1-la para lhe dar a alforria. Rosa emociona-se e pede perd\u00e3o a Isaura. Isaura sai para passear e encontra um cachorro. Encantada com o animal, n\u00e3o percebe que Le\u00f4ncio chega por tr\u00e1s dela com uma arma. Ele tapa a boca de Isaura com a m\u00e3o e encosta-lhe a arma ao rosto. Belchior aparece. Le\u00f4ncio d\u00e1-lhe com a arma na cabe\u00e7a. O Sargento chega \u00e0 pris\u00e3o e encontra todos os guardas a dormir. Diogo diz ao Sargento que deve avisar todos sobre a fuga. Rosa conta a Andr\u00e9 que pediu perd\u00e3o a Isaura. <\/p>\n<p>Joaquina estranha a demora de Isaura. \u00c1lvaro chega sem a noiva. Ficam todos preocupados. Belchior grita por socorro. \u00c1lvaro escuta e descobre que Le\u00f4ncio agarrou Isaura. O Sargento avisa Miguel sobre a fuga de Le\u00f4ncio. Isaura \u00e9 levada para uma casa abandonada. Le\u00f4ncio diz a Isaura que vai possu\u00ed-la&#8230; Le\u00f4ncio prende Isaura. Francisco sai e deixa-os sozinhos. \u00c1lvaro vai atr\u00e1s de Isaura, juntamente com os quilombolas e os escravos libertos. Rosa reza por Isaura. O Sargento chega \u00e0 fazenda e diz a Joaquina que ser\u00e1 uma quest\u00e3o de honra prender Le\u00f4ncio. Miguel e Tom\u00e1sia saem de carruagem atr\u00e1s de Isaura. Helena visita Diogo na pris\u00e3o. Isaura grita por socorro. Le\u00f4ncio d\u00e1 gargalhadas e avisa-a que ningu\u00e9m poder\u00e1 salv\u00e1-la. Le\u00f4ncio amea\u00e7a Isaura com uma faca caso ela n\u00e3o se cale. Gioconda chega a casa do Cel. <\/p>\n<p>Sebasti\u00e3o e conta-lhe sobre o rapto de Isaura. Le\u00f4ncio come\u00e7a a usar a faca para rasgar o vestido de Isaura. Helena escreve uma carta ao Sargento, contando a verdade sobre o assassinato do Dr. Paulo. Maria, amiga de Pedrinho, conta a Perp\u00e9tua que Isaura foi levada por Le\u00f4ncio. Gabriel irrita-se e diz que a \u00fanica forma de deter Le\u00f4ncio \u00e9 matando-o. <\/p>\n<p>(*) edi\u00e7\u00e3o da Rede Record, Novela \u201cA Escrava Isaura\u201d, sujeito a altera\u00e7\u00e3o de data e conte\u00fado.<\/p>\n<p>A Escrava Isaura \u00e9 uma telenovela brasileira produzida pela Rede Record de Televis\u00e3o e exibida entre 18 de outubro de 2004 e 29 de abril de 2005, totalizando 167 cap\u00edtulos, 27 a mais que o originalmente previsto. Escrita por Tiago Santiago, Anamaria Nunes com colabora\u00e7\u00e3o de Altenir Silva e dirigida por Herval Rossano, F\u00e1bio Junqueira, Em\u00edlio Di Biasi e Fl\u00e1vio Colatrello Jr., \u00e9 inspirada no romance hom\u00f4nimo de 1875, escrito por Bernardo Guimar\u00e3es. A obra foi um sucesso logo ap\u00f3s ser publicada, em parte pelo apelo feminino em raz\u00e3o do sentimentalismo do enredo. O livro toca em pontos abolicionistas, que eram controversos na \u00e9poca e \u00e9 considerado um marco na literatura abolicionista brasileira.<\/p>\n","protected":false},"excerpt":{"rendered":"<p>Novela \u201cA Escrava Isaura\u201d resumo 30\/06: no capitulo 125 (*) da novela \u201cA Escrava Isaura\u201d, sexta-feira, 30 de junho, Isaura conta a Rosa que deseja compr\u00e1-la para lhe dar a alforria. Rosa emociona-se e pede perd\u00e3o a Isaura. Isaura sai para passear e encontra um cachorro. Encantada com o animal, n\u00e3o percebe que Le\u00f4ncio chega [&hellip;]<\/p>\n","protected":false},"author":2,"featured_media":103446,"comment_status":"open","ping_status":"closed","sticky":false,"template":"","format":"standard","meta":{"tdm_status":"","tdm_grid_status":"","footnotes":""},"categories":[379,371,343],"tags":[441],"class_list":{"0":"post-116045","1":"post","2":"type-post","3":"status-publish","4":"format-standard","5":"has-post-thumbnail","7":"category-novelas","8":"category-rede-record","9":"category-televisao","10":"tag-resumo-do-dia"},"_links":{"self":[{"href":"https:\/\/migracao.redenoticia.com.br\/noticia\/wp-json\/wp\/v2\/posts\/116045","targetHints":{"allow":["GET"]}}],"collection":[{"href":"https:\/\/migracao.redenoticia.com.br\/noticia\/wp-json\/wp\/v2\/posts"}],"about":[{"href":"https:\/\/migracao.redenoticia.com.br\/noticia\/wp-json\/wp\/v2\/types\/post"}],"author":[{"embeddable":true,"href":"https:\/\/migracao.redenoticia.com.br\/noticia\/wp-json\/wp\/v2\/users\/2"}],"replies":[{"embeddable":true,"href":"https:\/\/migracao.redenoticia.com.br\/noticia\/wp-json\/wp\/v2\/comments?post=116045"}],"version-history":[{"count":0,"href":"https:\/\/migracao.redenoticia.com.br\/noticia\/wp-json\/wp\/v2\/posts\/116045\/revisions"}],"wp:featuredmedia":[{"embeddable":true,"href":"https:\/\/migracao.redenoticia.com.br\/noticia\/wp-json\/wp\/v2\/media\/103446"}],"wp:attachment":[{"href":"https:\/\/migracao.redenoticia.com.br\/noticia\/wp-json\/wp\/v2\/media?parent=116045"}],"wp:term":[{"taxonomy":"category","embeddable":true,"href":"https:\/\/migracao.redenoticia.com.br\/noticia\/wp-json\/wp\/v2\/categories?post=116045"},{"taxonomy":"post_tag","embeddable":true,"href":"https:\/\/migracao.redenoticia.com.br\/noticia\/wp-json\/wp\/v2\/tags?post=116045"}],"curies":[{"name":"wp","href":"https:\/\/api.w.org\/{rel}","templated":true}]}}