{"id":116075,"date":"2017-06-28T16:18:51","date_gmt":"2017-06-28T19:18:51","guid":{"rendered":"https:\/\/www.redenoticia.com.br\/noticia\/?p=116075"},"modified":"2017-06-28T16:18:51","modified_gmt":"2017-06-28T19:18:51","slug":"resumo-novela-chiquititas-2906-miguel-acha-que-bia-e-sua-filha","status":"publish","type":"post","link":"https:\/\/migracao.redenoticia.com.br\/noticia\/2017\/resumo-novela-chiquititas-2906-miguel-acha-que-bia-e-sua-filha\/116075","title":{"rendered":"Resumo novela \u201cChiquititas\u201d 29\/06: Miguel acha que Bia \u00e9 sua filha"},"content":{"rendered":"<p> <img loading=\"lazy\" decoding=\"async\" class=\"alignleft size-thumbnail wp-image-49690\" src=\"https:\/\/migracao.redenoticia.com.br\/noticia\/imagens\/chiquititas1-150x112.jpg\" alt=\"chiquititas\" width=\"150\" height=\"112\" \/><strong><em>Resumo novela \u201cChiquititas\u201d 29\/06<\/em><\/strong>: no cap\u00edtulo 208(*) da novela \u201cChiquititas\u201d, resumo de quinta-feira, 29 de junho, Cris fica decepcionada com seu \u00eddolo e diz para as demais chiquititas que ele esnobou a presidente do f\u00e3-clube. Shirley consegue ajustar o vestido de Maria Cec\u00edlia \u00e0s pressas. A av\u00f3 de Maria Cec\u00edlia diz que ela precisa fazer jejum at\u00e9 o casamento. Miguel espia as chiquititas. Bia aparece com o colar (com o pingente que ganhou de sua m\u00e3e quando nasceu) de Mili. A chiquitita fica brava, pede que Bia devolva a joia e diz que n\u00e3o quer que ningu\u00e9m mexa no colar. Miguel se emociona e acha que Bia \u00e9 sua filha com Gabriela, pois se recorda do pingente. Carol diz para Beto que ainda n\u00e3o esqueceu Junior. Chico faz os \u00faltimos ajustes no grande bolo de casamento que fez para a festa de Maria Cec\u00edlia e Junior. Miguel diz para Valentina o que acredita ter descoberto sobre Bia. Miguel diz que ir\u00e1 atr\u00e1s de Jos\u00e9 Ricardo para recuperar sua filha. Valentina pede para Miguel esperar passar o casamento. Todos se arrumam para irem \u00e0 festa de casamento. Dani diz que n\u00e3o quer ir. Regina e Eduarda chegam \u00e0 igreja e percebem que as flores da decora\u00e7\u00e3o foram alteradas sem a autoriza\u00e7\u00e3o delas. Regina diz para a filha que est\u00e1 preocupada, pois primeiro foi o noivo que viu Maria Cec\u00edlia com o vestido e agora o problema com as flores. Regina alerta Eduarda que esses n\u00e3o s\u00e3o bons sinais.<\/p>\n<p>(*) edi\u00e7\u00e3o do SBT, Novela \u201cChiquititas\u201d, sujeito a altera\u00e7\u00e3o de data e conte\u00fado.<\/p>\n<p>Chiquititas gira em torno do orfanato Raio de Luz, que carrega em sua hist\u00f3ria um grande segredo envolvendo a fam\u00edlia e o dono do orfanato, Dr. Jos\u00e9 Ricardo Almeida Campos. Em um per\u00edodo anterior \u00e0 novela, exatos treze anos, sua filha Gabriela se apaixonou e ficou gr\u00e1vida de Miguel, filho de Valentina, empregada da casa dos Almeida Campos. Pouco depois, Jos\u00e9 Ricardo sequestrou sua neta, pois, como um homem conservador, ele n\u00e3o aceitava a ideia de que sua filha se envolvesse com um empregado. Como sua neta, Milena, apelidada como Mili, precisava de um lugar para morar, ele comprou um casar\u00e3o e fundou um orfanato, o Raio de Luz. Mili cresceu l\u00e1 com outras garotas que chegaram posteriormente: Bia, Ana, as irm\u00e3s Tati e Vivi, e Cris. Ao decorrer dos anos, elas se tornam uma fam\u00edlia. Elas s\u00e3o supervisionadas por Ernestina, zeladora do orfanato, e Chico, o cozinheiro amado pelas internas. Sofia, ex-governanta da fam\u00edlia Almeida Campos, \u00e9 a diretora do lugar, at\u00e9 que Carmem, irm\u00e3 de Jos\u00e9 Ricardo, entre em seu lugar. Chegam ainda mais \u00f3rf\u00e3os: Pata, Mosca, Binho e Rafa, que viviam nas ruas antes de entrarem na institui\u00e7\u00e3o. Pata e Mili tornam-se amigas rapidamente, enquanto Mosca, Binho e Rafa s\u00e3o os primeiros garotos a entrar no abrigo. As crian\u00e7as sem-teto foram ajudadas por uma doce e bela garota que tocam e mudam a vida delas, assim como as das garotas \u00f3rf\u00e3s.<\/p>\n","protected":false},"excerpt":{"rendered":"<p>Resumo novela \u201cChiquititas\u201d 29\/06: no cap\u00edtulo 208(*) da novela \u201cChiquititas\u201d, resumo de quinta-feira, 29 de junho, Cris fica decepcionada com seu \u00eddolo e diz para as demais chiquititas que ele esnobou a presidente do f\u00e3-clube. Shirley consegue ajustar o vestido de Maria Cec\u00edlia \u00e0s pressas. A av\u00f3 de Maria Cec\u00edlia diz que ela precisa fazer [&hellip;]<\/p>\n","protected":false},"author":2,"featured_media":49690,"comment_status":"open","ping_status":"closed","sticky":false,"template":"","format":"standard","meta":{"tdm_status":"","tdm_grid_status":"","footnotes":""},"categories":[409,379,372,343],"tags":[441],"class_list":{"0":"post-116075","1":"post","2":"type-post","3":"status-publish","4":"format-standard","5":"has-post-thumbnail","7":"category-chiquititas","8":"category-novelas","9":"category-sbt","10":"category-televisao","11":"tag-resumo-do-dia"},"_links":{"self":[{"href":"https:\/\/migracao.redenoticia.com.br\/noticia\/wp-json\/wp\/v2\/posts\/116075","targetHints":{"allow":["GET"]}}],"collection":[{"href":"https:\/\/migracao.redenoticia.com.br\/noticia\/wp-json\/wp\/v2\/posts"}],"about":[{"href":"https:\/\/migracao.redenoticia.com.br\/noticia\/wp-json\/wp\/v2\/types\/post"}],"author":[{"embeddable":true,"href":"https:\/\/migracao.redenoticia.com.br\/noticia\/wp-json\/wp\/v2\/users\/2"}],"replies":[{"embeddable":true,"href":"https:\/\/migracao.redenoticia.com.br\/noticia\/wp-json\/wp\/v2\/comments?post=116075"}],"version-history":[{"count":0,"href":"https:\/\/migracao.redenoticia.com.br\/noticia\/wp-json\/wp\/v2\/posts\/116075\/revisions"}],"wp:featuredmedia":[{"embeddable":true,"href":"https:\/\/migracao.redenoticia.com.br\/noticia\/wp-json\/wp\/v2\/media\/49690"}],"wp:attachment":[{"href":"https:\/\/migracao.redenoticia.com.br\/noticia\/wp-json\/wp\/v2\/media?parent=116075"}],"wp:term":[{"taxonomy":"category","embeddable":true,"href":"https:\/\/migracao.redenoticia.com.br\/noticia\/wp-json\/wp\/v2\/categories?post=116075"},{"taxonomy":"post_tag","embeddable":true,"href":"https:\/\/migracao.redenoticia.com.br\/noticia\/wp-json\/wp\/v2\/tags?post=116075"}],"curies":[{"name":"wp","href":"https:\/\/api.w.org\/{rel}","templated":true}]}}