{"id":116077,"date":"2017-06-28T16:20:34","date_gmt":"2017-06-28T19:20:34","guid":{"rendered":"https:\/\/www.redenoticia.com.br\/noticia\/?p=116077"},"modified":"2017-06-28T16:20:34","modified_gmt":"2017-06-28T19:20:34","slug":"resumo-novela-o-que-a-vida-me-roubou-2906-montserrat-pede-divorcio-a-jose-luis","status":"publish","type":"post","link":"https:\/\/migracao.redenoticia.com.br\/noticia\/2017\/resumo-novela-o-que-a-vida-me-roubou-2906-montserrat-pede-divorcio-a-jose-luis\/116077","title":{"rendered":"Resumo novela \u201cO Que A Vida Me Roubou\u201d 29\/06: Montserrat pede div\u00f3rcio a Jos\u00e9 Lu\u00eds"},"content":{"rendered":"<p> <img loading=\"lazy\" decoding=\"async\" src=\"https:\/\/migracao.redenoticia.com.br\/noticia\/imagens\/o-que-a-vida-me-roubou-novela-resumo-sbt-150x112.jpg\" alt=\"\" width=\"150\" height=\"112\" class=\"alignleft size-thumbnail wp-image-105656\" srcset=\"https:\/\/migracao.redenoticia.com.br\/noticia\/imagens\/o-que-a-vida-me-roubou-novela-resumo-sbt-150x112.jpg 150w, https:\/\/migracao.redenoticia.com.br\/noticia\/imagens\/o-que-a-vida-me-roubou-novela-resumo-sbt-265x198.jpg 265w\" sizes=\"auto, (max-width: 150px) 100vw, 150px\" \/><strong><em>Resumo novela \u201cO Que A Vida Me Roubou\u201d 29\/06<\/em><\/strong>: no cap\u00edtulo 109(*) da novela \u201cO Que A Vida Me Roubou\u201d, resumo de quinta-feira, 29 de junho, Sandro pergunta a Ezequiel sobre Maria e ele diz-lhe que ela era uma empregada e uma amante de Alessandro durante algum tempo e que \u00e9 dan\u00e7arina e toxicodependente. Pedro e N\u00e1dia discutem sobre a sua amizade com Montserrat. Pedro diz-lhe que se tentar fugir com a filha Montserrat ficar\u00e1 sem o filho. Maria seduz Adolfo e depois confessa que durante o tempo que viveu com Alessandro eles nunca se envolveram. Montserrat pede o div\u00f3rcio a Jos\u00e9 Lu\u00eds. Montserrat diz a Ros\u00e1rio que quer fugir com a fam\u00edlia, mas Ros\u00e1rio diz-lhe que primeiro Laurinho tem de saber que o seu verdadeiro pai est\u00e1 vivo. Alessandro fica surpreendido quando Adolfo lhe diz que Maria tem o verdadeiro testamento de Benjamim Almonte. Ele revela-lhe ainda que Fabiola e Pedro est\u00e3o por detr\u00e1s de tudo.<\/p>\n<p>(*) edi\u00e7\u00e3o do SBT, Novela \u201cO Que A Vida Me Roubou\u201d, sujeito a altera\u00e7\u00e3o de data e conte\u00fado.<\/p>\n<p>Lo que la vida me rob\u00f3 (no Brasil, O Que a Vida Me Roubou) \u00e9 uma telenovela mexicana produzida por Angelli Nesma Medina para Televisa e exibida pelo Canal de las Estrellas entre 28 de outubro de 2013 e 27 de julho de 2014 em 196 cap\u00edtulos, substituindo La tempestad e sendo substitu\u00edda por Hasta el fin del mundo. A original \u00e9 de Caridad Bravo Adams, sendo esta um remake modernizado das novelas Bodas de odio e Amor real, produzidas em 1983 e 2003, respectivamente. Tem Angelique Boyer, Sebasti\u00e1n Rulli, Luis Roberto Guzm\u00e1n, Daniela Castro, Grettell Vald\u00e9z, Sergio Sendel e Lisset nos papeis principais.<\/p>\n","protected":false},"excerpt":{"rendered":"<p>Resumo novela \u201cO Que A Vida Me Roubou\u201d 29\/06: no cap\u00edtulo 109(*) da novela \u201cO Que A Vida Me Roubou\u201d, resumo de quinta-feira, 29 de junho, Sandro pergunta a Ezequiel sobre Maria e ele diz-lhe que ela era uma empregada e uma amante de Alessandro durante algum tempo e que \u00e9 dan\u00e7arina e toxicodependente. Pedro [&hellip;]<\/p>\n","protected":false},"author":2,"featured_media":105656,"comment_status":"open","ping_status":"closed","sticky":false,"template":"","format":"standard","meta":{"tdm_status":"","tdm_grid_status":"","footnotes":""},"categories":[379,372,343],"tags":[441],"class_list":{"0":"post-116077","1":"post","2":"type-post","3":"status-publish","4":"format-standard","5":"has-post-thumbnail","7":"category-novelas","8":"category-sbt","9":"category-televisao","10":"tag-resumo-do-dia"},"_links":{"self":[{"href":"https:\/\/migracao.redenoticia.com.br\/noticia\/wp-json\/wp\/v2\/posts\/116077","targetHints":{"allow":["GET"]}}],"collection":[{"href":"https:\/\/migracao.redenoticia.com.br\/noticia\/wp-json\/wp\/v2\/posts"}],"about":[{"href":"https:\/\/migracao.redenoticia.com.br\/noticia\/wp-json\/wp\/v2\/types\/post"}],"author":[{"embeddable":true,"href":"https:\/\/migracao.redenoticia.com.br\/noticia\/wp-json\/wp\/v2\/users\/2"}],"replies":[{"embeddable":true,"href":"https:\/\/migracao.redenoticia.com.br\/noticia\/wp-json\/wp\/v2\/comments?post=116077"}],"version-history":[{"count":0,"href":"https:\/\/migracao.redenoticia.com.br\/noticia\/wp-json\/wp\/v2\/posts\/116077\/revisions"}],"wp:featuredmedia":[{"embeddable":true,"href":"https:\/\/migracao.redenoticia.com.br\/noticia\/wp-json\/wp\/v2\/media\/105656"}],"wp:attachment":[{"href":"https:\/\/migracao.redenoticia.com.br\/noticia\/wp-json\/wp\/v2\/media?parent=116077"}],"wp:term":[{"taxonomy":"category","embeddable":true,"href":"https:\/\/migracao.redenoticia.com.br\/noticia\/wp-json\/wp\/v2\/categories?post=116077"},{"taxonomy":"post_tag","embeddable":true,"href":"https:\/\/migracao.redenoticia.com.br\/noticia\/wp-json\/wp\/v2\/tags?post=116077"}],"curies":[{"name":"wp","href":"https:\/\/api.w.org\/{rel}","templated":true}]}}