{"id":116087,"date":"2017-06-28T16:38:44","date_gmt":"2017-06-28T19:38:44","guid":{"rendered":"https:\/\/www.redenoticia.com.br\/noticia\/?p=116087"},"modified":"2017-06-28T16:31:33","modified_gmt":"2017-06-28T19:31:33","slug":"resumo-novela-novo-mundo-2906-leopoldina-vai-ao-encontro-de-domitila","status":"publish","type":"post","link":"https:\/\/migracao.redenoticia.com.br\/noticia\/2017\/resumo-novela-novo-mundo-2906-leopoldina-vai-ao-encontro-de-domitila\/116087","title":{"rendered":"Resumo novela \u201cNovo Mundo\u201d 29\/06: Leopoldina vai ao encontro de Domitila"},"content":{"rendered":"<p> <img loading=\"lazy\" decoding=\"async\" class=\"alignleft size-thumbnail wp-image-107950\" src=\"https:\/\/migracao.redenoticia.com.br\/noticia\/imagens\/novo_mundo_novela_resumo_globo-150x112.jpg\" alt=\"\" width=\"150\" height=\"112\" srcset=\"https:\/\/migracao.redenoticia.com.br\/noticia\/imagens\/novo_mundo_novela_resumo_globo-150x112.jpg 150w, https:\/\/migracao.redenoticia.com.br\/noticia\/imagens\/novo_mundo_novela_resumo_globo-265x198.jpg 265w\" sizes=\"auto, (max-width: 150px) 100vw, 150px\" \/><strong><em>Resumo novela \u201cNovo Mundo\u201d 29\/06<\/em><\/strong>: no cap\u00edtulo 086(*) da novela \u201cNovo Mundo\u201d, resumo de quinta-feira, 29 de junho, Ubirajara permite que Joaquim fique na aldeia com Anna, Vit\u00f3ria e Quinzinho at\u00e9 provar sua inoc\u00eancia na suposta morte de Elvira. Leopoldina pergunta a Pedro se ele ama Domitila. Peter diz a Am\u00e1lia que foi um erro se envolver com ela. Licurgo acredita que Germana est\u00e1 louca. Wolfgang passa mal e Ferdinando o assiste. Leopoldina se culpa pelo sofrimento de Anna com Thomas. Elvira se disfar\u00e7a de cigana e reencontra Quinzinho. Leopoldina vai ao encontro de Domitila.<\/p>\n<p>(*) edi\u00e7\u00e3o da Rede Globo, Novela \u201cNovo Mundo\u201d, sujeito a altera\u00e7\u00e3o de data e conte\u00fado.<\/p>\n<p>Novo Mundo \u00e9 uma telenovela brasileira produzida pela Rede Globo. Escrita por Thereza Falc\u00e3o e Alessandro Marson, conta com dire\u00e7\u00e3o art\u00edstica de Vin\u00edcius Coimbra. Conta com as participa\u00e7\u00f5es de Isabelle Drummond, Chay Suede, Caio Castro, Let\u00edcia Colin, Leo Jaime, D\u00e9bora Olivieri, Rodrigo Simas, Giullia Buscacio, Vivianne Pasmanter, Guilherme Piva, R\u00f4mulo Estrela, Agatha Moreira, Luisa Micheletti, Gabriel Braga Nunes, e Ingrid Guimar\u00e3es.<\/p>\n","protected":false},"excerpt":{"rendered":"<p>Resumo novela \u201cNovo Mundo\u201d 29\/06: no cap\u00edtulo 086(*) da novela \u201cNovo Mundo\u201d, resumo de quinta-feira, 29 de junho, Ubirajara permite que Joaquim fique na aldeia com Anna, Vit\u00f3ria e Quinzinho at\u00e9 provar sua inoc\u00eancia na suposta morte de Elvira. Leopoldina pergunta a Pedro se ele ama Domitila. Peter diz a Am\u00e1lia que foi um erro [&hellip;]<\/p>\n","protected":false},"author":2,"featured_media":107950,"comment_status":"open","ping_status":"closed","sticky":false,"template":"","format":"standard","meta":{"tdm_status":"","tdm_grid_status":"","footnotes":""},"categories":[379,375,343],"tags":[441],"class_list":{"0":"post-116087","1":"post","2":"type-post","3":"status-publish","4":"format-standard","5":"has-post-thumbnail","7":"category-novelas","8":"category-rede-globo","9":"category-televisao","10":"tag-resumo-do-dia"},"_links":{"self":[{"href":"https:\/\/migracao.redenoticia.com.br\/noticia\/wp-json\/wp\/v2\/posts\/116087","targetHints":{"allow":["GET"]}}],"collection":[{"href":"https:\/\/migracao.redenoticia.com.br\/noticia\/wp-json\/wp\/v2\/posts"}],"about":[{"href":"https:\/\/migracao.redenoticia.com.br\/noticia\/wp-json\/wp\/v2\/types\/post"}],"author":[{"embeddable":true,"href":"https:\/\/migracao.redenoticia.com.br\/noticia\/wp-json\/wp\/v2\/users\/2"}],"replies":[{"embeddable":true,"href":"https:\/\/migracao.redenoticia.com.br\/noticia\/wp-json\/wp\/v2\/comments?post=116087"}],"version-history":[{"count":0,"href":"https:\/\/migracao.redenoticia.com.br\/noticia\/wp-json\/wp\/v2\/posts\/116087\/revisions"}],"wp:featuredmedia":[{"embeddable":true,"href":"https:\/\/migracao.redenoticia.com.br\/noticia\/wp-json\/wp\/v2\/media\/107950"}],"wp:attachment":[{"href":"https:\/\/migracao.redenoticia.com.br\/noticia\/wp-json\/wp\/v2\/media?parent=116087"}],"wp:term":[{"taxonomy":"category","embeddable":true,"href":"https:\/\/migracao.redenoticia.com.br\/noticia\/wp-json\/wp\/v2\/categories?post=116087"},{"taxonomy":"post_tag","embeddable":true,"href":"https:\/\/migracao.redenoticia.com.br\/noticia\/wp-json\/wp\/v2\/tags?post=116087"}],"curies":[{"name":"wp","href":"https:\/\/api.w.org\/{rel}","templated":true}]}}