{"id":116118,"date":"2017-06-29T16:32:31","date_gmt":"2017-06-29T19:32:31","guid":{"rendered":"https:\/\/www.redenoticia.com.br\/noticia\/?p=116118"},"modified":"2017-06-29T18:45:06","modified_gmt":"2017-06-29T21:45:06","slug":"resumo-novela-carinha-de-anjo-3006-o-pai-de-miguel-morre","status":"publish","type":"post","link":"https:\/\/migracao.redenoticia.com.br\/noticia\/2017\/resumo-novela-carinha-de-anjo-3006-o-pai-de-miguel-morre\/116118","title":{"rendered":"Resumo novela \u201cCarinha de Anjo\u201d 30\/06: o pai de Miguel morre"},"content":{"rendered":"<p><img loading=\"lazy\" decoding=\"async\" class=\"alignleft size-thumbnail wp-image-99331\" src=\"https:\/\/migracao.redenoticia.com.br\/noticia\/imagens\/carinha_de_anjo_sbt_novela_resumo_capitulo-150x112.jpg\" alt=\"carinha_de_anjo_sbt_novela_resumo_capitulo\" width=\"150\" height=\"112\" srcset=\"https:\/\/migracao.redenoticia.com.br\/noticia\/imagens\/carinha_de_anjo_sbt_novela_resumo_capitulo-150x112.jpg 150w, https:\/\/migracao.redenoticia.com.br\/noticia\/imagens\/carinha_de_anjo_sbt_novela_resumo_capitulo-265x198.jpg 265w\" sizes=\"auto, (max-width: 150px) 100vw, 150px\" \/><strong><em>Resumo novela \u201cCarinha de Anjo\u201d 30\/06<\/em><\/strong>: no cap\u00edtulo 160(*) da novela \u201cCarinha de Anjo\u201d, resumo de sexta-feira, 30 de junho, Dulce Maria conta para as amigas que sua festa de anivers\u00e1rio ser\u00e1 muito legal e com a tem\u00e1tica de super-her\u00f3i. A garota conta que Frida e B\u00e1rbara ser\u00e3o convidadas por educa\u00e7\u00e3o. Diana recebe um telefonema inesperado pedindo para que ela v\u00e1 at\u00e9 o hospital ver seu irm\u00e3o, Valter, pai de Miguel, que sofreu um grave acidente de caminh\u00e3o. Diana conta para Miguel o que aconteceu e os dois choram juntos. Peixoto envia um totem com uma foto dele pr\u00f3prio como presente para Rosana. Estef\u00e2nia entrega para Dulce Maria os convites de sua festa de anivers\u00e1rio. Em\u00edlio cola Rosana no totem de Peixoto. As pequeninas perguntam para Dulce Maria o que ela gostaria de ganhar de presente. Haydee vai atr\u00e1s de F\u00e1tima para refor\u00e7ar a hist\u00f3ria de Fl\u00e1vio. Diana telefona para In\u00e1cio e conta que Valter morreu no hospital. Zeca e Z\u00e9 Felipe choram em casa com a not\u00edcia. Em\u00edlio convida Peixoto ao ver que Rosana gostou do presente do delegado. Os dois conversam a s\u00f3s.<\/p>\n<p>(*) edi\u00e7\u00e3o do SBT, Novela \u201cCarinha de Anjo\u201d, sujeito a altera\u00e7\u00e3o de data e conte\u00fado.<\/p>\n<p>Carinha de Anjo \u00e9 uma telenovela brasileira produzida e exibida originalmente pelo SBT desde o dia 21 de novembro de 2016, substituindo o hor\u00e1rio anteriormente ocupado por C\u00famplices de um Resgate. A telenovela \u00e9 inspirada na mexicana Carita de \u00e1ngel, que, por sua vez, \u00e9 um remake de Mundo de juguete, ambas produzidas pela Televisa e que haviam sido baseadas na trama argentina escrita por Abel Santa Cruz, Pap\u00e1 coraz\u00f3n. Esta ser\u00e1 a segunda adapta\u00e7\u00e3o brasileira da obra original argentina, visto que a Rede Tupi apresentou em 1976 a sua primeira vers\u00e3o, chamada de Papai Cora\u00e7\u00e3o. A nova vers\u00e3o \u00e9 escrita por Leonor Corr\u00eaa, com supervis\u00e3o de \u00cdris Abravanel e dire\u00e7\u00e3o geral de Ricardo Mantoanelli. A trama conta com Lorena Queiroz, Bia Arantes, Carlo Porto, Priscila Sol, Dani Gondim, Karin Hils, Eliana Guttman e Lucero nos pap\u00e9is principais.<\/p>\n","protected":false},"excerpt":{"rendered":"<p>Resumo novela \u201cCarinha de Anjo\u201d 30\/06: no cap\u00edtulo 160(*) da novela \u201cCarinha de Anjo\u201d, resumo de sexta-feira, 30 de junho, Dulce Maria conta para as amigas que sua festa de anivers\u00e1rio ser\u00e1 muito legal e com a tem\u00e1tica de super-her\u00f3i. A garota conta que Frida e B\u00e1rbara ser\u00e3o convidadas por educa\u00e7\u00e3o. Diana recebe um telefonema [&hellip;]<\/p>\n","protected":false},"author":4,"featured_media":99331,"comment_status":"open","ping_status":"closed","sticky":false,"template":"","format":"standard","meta":{"tdm_status":"","tdm_grid_status":"","footnotes":""},"categories":[452,379,372,343],"tags":[441],"class_list":{"0":"post-116118","1":"post","2":"type-post","3":"status-publish","4":"format-standard","5":"has-post-thumbnail","7":"category-carinha-de-anjo","8":"category-novelas","9":"category-sbt","10":"category-televisao","11":"tag-resumo-do-dia"},"_links":{"self":[{"href":"https:\/\/migracao.redenoticia.com.br\/noticia\/wp-json\/wp\/v2\/posts\/116118","targetHints":{"allow":["GET"]}}],"collection":[{"href":"https:\/\/migracao.redenoticia.com.br\/noticia\/wp-json\/wp\/v2\/posts"}],"about":[{"href":"https:\/\/migracao.redenoticia.com.br\/noticia\/wp-json\/wp\/v2\/types\/post"}],"author":[{"embeddable":true,"href":"https:\/\/migracao.redenoticia.com.br\/noticia\/wp-json\/wp\/v2\/users\/4"}],"replies":[{"embeddable":true,"href":"https:\/\/migracao.redenoticia.com.br\/noticia\/wp-json\/wp\/v2\/comments?post=116118"}],"version-history":[{"count":0,"href":"https:\/\/migracao.redenoticia.com.br\/noticia\/wp-json\/wp\/v2\/posts\/116118\/revisions"}],"wp:featuredmedia":[{"embeddable":true,"href":"https:\/\/migracao.redenoticia.com.br\/noticia\/wp-json\/wp\/v2\/media\/99331"}],"wp:attachment":[{"href":"https:\/\/migracao.redenoticia.com.br\/noticia\/wp-json\/wp\/v2\/media?parent=116118"}],"wp:term":[{"taxonomy":"category","embeddable":true,"href":"https:\/\/migracao.redenoticia.com.br\/noticia\/wp-json\/wp\/v2\/categories?post=116118"},{"taxonomy":"post_tag","embeddable":true,"href":"https:\/\/migracao.redenoticia.com.br\/noticia\/wp-json\/wp\/v2\/tags?post=116118"}],"curies":[{"name":"wp","href":"https:\/\/api.w.org\/{rel}","templated":true}]}}