{"id":116127,"date":"2017-06-29T16:40:44","date_gmt":"2017-06-29T19:40:44","guid":{"rendered":"https:\/\/www.redenoticia.com.br\/noticia\/?p=116127"},"modified":"2017-06-29T16:40:44","modified_gmt":"2017-06-29T19:40:44","slug":"resumo-novela-novo-mundo-3006-joaquim-pede-ajuda-a-diara","status":"publish","type":"post","link":"https:\/\/migracao.redenoticia.com.br\/noticia\/2017\/resumo-novela-novo-mundo-3006-joaquim-pede-ajuda-a-diara\/116127","title":{"rendered":"Resumo novela \u201cNovo Mundo\u201d 30\/06: Joaquim pede ajuda a Diara"},"content":{"rendered":"<p><img loading=\"lazy\" decoding=\"async\" class=\"alignleft size-thumbnail wp-image-107950\" src=\"https:\/\/migracao.redenoticia.com.br\/noticia\/imagens\/novo_mundo_novela_resumo_globo-150x112.jpg\" alt=\"\" width=\"150\" height=\"112\" srcset=\"https:\/\/migracao.redenoticia.com.br\/noticia\/imagens\/novo_mundo_novela_resumo_globo-150x112.jpg 150w, https:\/\/migracao.redenoticia.com.br\/noticia\/imagens\/novo_mundo_novela_resumo_globo-265x198.jpg 265w\" sizes=\"auto, (max-width: 150px) 100vw, 150px\" \/><strong><em>Resumo novela \u201cNovo Mundo\u201d 30\/06<\/em><\/strong>: no cap\u00edtulo 087(*) da novela \u201cNovo Mundo\u201d, resumo de sexta-feira, 30 de junho, Leopoldina enfrenta Domitila. Anna conclui que Thomas e Fred eram c\u00famplices. Vestida como Madame Dalila, Elvira engana Germana e Licurgo. Narcisa confessa a Bonif\u00e1cio que revelou o endere\u00e7o de Domitila para Leopoldina. Diara agradece Ferdinando por cuidar de Wolfgang. Joaquim aconselha Piat\u00e3 a aceitar Jacira. Thomas se insinua para Liu. Anna sofre por n\u00e3o poder ficar com Vit\u00f3ria. Bonif\u00e1cio garante a Leopoldina que ficar\u00e1 a seu lado. Am\u00e1lia foge e Peter se preocupa. Joaquim pede ajuda a Diara.<\/p>\n<p>(*) edi\u00e7\u00e3o da Rede Globo, Novela \u201cNovo Mundo\u201d, sujeito a altera\u00e7\u00e3o de data e conte\u00fado.<\/p>\n<p>Novo Mundo \u00e9 uma telenovela brasileira produzida pela Rede Globo. Escrita por Thereza Falc\u00e3o e Alessandro Marson, conta com dire\u00e7\u00e3o art\u00edstica de Vin\u00edcius Coimbra. Conta com as participa\u00e7\u00f5es de Isabelle Drummond, Chay Suede, Caio Castro, Let\u00edcia Colin, Leo Jaime, D\u00e9bora Olivieri, Rodrigo Simas, Giullia Buscacio, Vivianne Pasmanter, Guilherme Piva, R\u00f4mulo Estrela, Agatha Moreira, Luisa Micheletti, Gabriel Braga Nunes, e Ingrid Guimar\u00e3es.<\/p>\n","protected":false},"excerpt":{"rendered":"<p>Resumo novela \u201cNovo Mundo\u201d 30\/06: no cap\u00edtulo 087(*) da novela \u201cNovo Mundo\u201d, resumo de sexta-feira, 30 de junho, Leopoldina enfrenta Domitila. Anna conclui que Thomas e Fred eram c\u00famplices. Vestida como Madame Dalila, Elvira engana Germana e Licurgo. Narcisa confessa a Bonif\u00e1cio que revelou o endere\u00e7o de Domitila para Leopoldina. Diara agradece Ferdinando por cuidar [&hellip;]<\/p>\n","protected":false},"author":4,"featured_media":107950,"comment_status":"open","ping_status":"closed","sticky":false,"template":"","format":"standard","meta":{"tdm_status":"","tdm_grid_status":"","footnotes":""},"categories":[379,375,343],"tags":[441],"class_list":{"0":"post-116127","1":"post","2":"type-post","3":"status-publish","4":"format-standard","5":"has-post-thumbnail","7":"category-novelas","8":"category-rede-globo","9":"category-televisao","10":"tag-resumo-do-dia"},"_links":{"self":[{"href":"https:\/\/migracao.redenoticia.com.br\/noticia\/wp-json\/wp\/v2\/posts\/116127","targetHints":{"allow":["GET"]}}],"collection":[{"href":"https:\/\/migracao.redenoticia.com.br\/noticia\/wp-json\/wp\/v2\/posts"}],"about":[{"href":"https:\/\/migracao.redenoticia.com.br\/noticia\/wp-json\/wp\/v2\/types\/post"}],"author":[{"embeddable":true,"href":"https:\/\/migracao.redenoticia.com.br\/noticia\/wp-json\/wp\/v2\/users\/4"}],"replies":[{"embeddable":true,"href":"https:\/\/migracao.redenoticia.com.br\/noticia\/wp-json\/wp\/v2\/comments?post=116127"}],"version-history":[{"count":0,"href":"https:\/\/migracao.redenoticia.com.br\/noticia\/wp-json\/wp\/v2\/posts\/116127\/revisions"}],"wp:featuredmedia":[{"embeddable":true,"href":"https:\/\/migracao.redenoticia.com.br\/noticia\/wp-json\/wp\/v2\/media\/107950"}],"wp:attachment":[{"href":"https:\/\/migracao.redenoticia.com.br\/noticia\/wp-json\/wp\/v2\/media?parent=116127"}],"wp:term":[{"taxonomy":"category","embeddable":true,"href":"https:\/\/migracao.redenoticia.com.br\/noticia\/wp-json\/wp\/v2\/categories?post=116127"},{"taxonomy":"post_tag","embeddable":true,"href":"https:\/\/migracao.redenoticia.com.br\/noticia\/wp-json\/wp\/v2\/tags?post=116127"}],"curies":[{"name":"wp","href":"https:\/\/api.w.org\/{rel}","templated":true}]}}