{"id":116200,"date":"2017-07-30T20:01:13","date_gmt":"2017-07-30T23:01:13","guid":{"rendered":"https:\/\/www.redenoticia.com.br\/noticia\/?p=116200"},"modified":"2017-08-01T21:42:09","modified_gmt":"2017-08-02T00:42:09","slug":"tele-sena-pais-2017","status":"publish","type":"post","link":"https:\/\/migracao.redenoticia.com.br\/noticia\/2017\/tele-sena-pais-2017\/116200","title":{"rendered":"\u201cTele Sena\u201d Pais (2017): quinto e \u00faltimo sorteio em 30\/07"},"content":{"rendered":"<p><a href=\"https:\/\/migracao.redenoticia.com.br\/noticia\/imagens\/tele-sena1.jpg\"><img loading=\"lazy\" decoding=\"async\" class=\"alignleft size-medium wp-image-49116\" src=\"https:\/\/migracao.redenoticia.com.br\/noticia\/imagens\/tele-sena1-250x160.jpg\" alt=\"tele-sena\" width=\"250\" height=\"160\" \/><\/a><em><strong>\u201cTele Sena\u201d<\/strong><\/em>\u00a0Pais (2017): os sorteios Mais e Menos pontos desta &#8220;Tele Sena&#8221; acontecem nos domingos, no SBT. Primeiro sorteio: 02\/07; segundo sorteio: 09\/07; terceiro sorteio: 16\/07; quarto sorteio: 23\/07; quinto e \u00faltimo sorteio: 30\/07. Nesta edi\u00e7\u00e3o, a &#8220;Tele Sena&#8221; Pais conta com a participa\u00e7\u00e3o especial do cantor Daniel. Nas premia\u00e7\u00f5es, a &#8220;Tele Sena&#8221; Pais traz no Ganhe J\u00e1 pr\u00eamios instant\u00e2neos em dinheiro nos valores de R$ 100 mil, R$ 50 mil, R$ 30 mil, R$ 20 mil, R$ 10 mil, R$ 5 mil e R$ 1 mil. Volta o pr\u00eamio de R$ 250,00 para 18 pontos, R$ 1 Mil para 19 pontos e R$ 700 Mil para 20 pontos. A premia\u00e7\u00e3o de Menos Pontos continua, dessa vez com R$ 400 Mil. J\u00e1 com o quadro Tele Sena Completa, que ter\u00e1 sorteio \u00fanico em 30\/07\/2017, os clientes ter\u00e3o oportunidade de conquistar o pr\u00eamio de R$ 500 mil. Se houver mais de um ganhador, o pr\u00eamio ser\u00e1 dividido em partes iguais. A edi\u00e7\u00e3o conta ainda com o Pr\u00eamio Casa, com sorteio em 08\/07\/2018, que oferece uma casa no valor de R$ 300 mil.<\/p>\n<p>Not\u00edcia relacionada: <a href=\"https:\/\/migracao.redenoticia.com.br\/noticia\/2017\/tele-sena-independencia-2017\/118229\">\u201cTele Sena\u201d Independ\u00eancia (2017)<\/a><\/p>\n<p>Confira o resultado do primeiro sorteio Mais e Menos pontos da \u201cTele Sena\u201d Pais (2017), em 02\/07:<\/p>\n<p>18 &#8211; 23 &#8211; 26 &#8211; 31 &#8211; 38<\/p>\n<p>Confira o resultado do segundo sorteio Mais e Menos pontos da \u201cTele Sena\u201d Pais (2017), em 09\/07:<\/p>\n<p>02 &#8211; 03 &#8211; 20 &#8211; 33 &#8211; 36<\/p>\n<p>Confira o resultado do terceiro sorteio Mais e Menos pontos da \u201cTele Sena\u201d Pais (2017), em 16\/07:<\/p>\n<p>10 &#8211; 13 &#8211; 17 &#8211; 22 &#8211; 25<\/p>\n<p>Confira o resultado do quarto sorteio Mais e Menos pontos da \u201cTele Sena\u201d Pais (2017), em 23\/07:<\/p>\n<p>01 &#8211; 06 &#8211; 08 &#8211; 16 &#8211; 32<\/p>\n<p>Confira o resultado do quinto e \u00faltimo sorteio Mais e Menos pontos da \u201cTele Sena\u201d Pais (2017), em 30\/07:<\/p>\n<p>28 &#8211; 29 &#8211; 30 &#8211; 34 &#8211; 39<\/p>\n<p>\u201cTele Sena\u201d completa:<\/p>\n<p>50 &#8211; 51 &#8211; 54 &#8211; 55 &#8211; 57 &#8211; 58 &#8211; 59<br \/>\n60 &#8211; 61 &#8211; 63 &#8211; 66 &#8211; 67 &#8211; 68<br \/>\n71 &#8211; 73 &#8211; 74 &#8211; 76 &#8211; 77 &#8211; 78<br \/>\n80 &#8211; 82 &#8211; 84 &#8211; 85 &#8211; 86<\/p>\n<p>Fonte \u201cTele Sena\u201d Pais (2017)<\/p>\n<p>&#8212;<br \/>\n&#8220;Tele Sena&#8221; \u00e9 um t\u00edtulo de capitaliza\u00e7\u00e3o de pagamento \u00fanico (PU), lan\u00e7ado em novembro de 1991 pela Lideran\u00e7a Capitaliza\u00e7\u00e3o S\/A.<\/p>\n<p>O consumidor adquire o produto em Casas Lotericas ou Ag\u00eancias dos Correios e, ap\u00f3s um ano, pode resgatar 50% do valor, com juros e corre\u00e7\u00e3o monet\u00e1ria, ou acrescentar mais um pouco e trocar pela Tele Sena em vigor.<\/p>\n<p>Durante a vig\u00eancia da Tele Sena Milion\u00e1ria (SUSEP 15414.900139\/2015-55), o consumidor concorre em seis formas de premia\u00e7\u00e3o.<\/p>\n","protected":false},"excerpt":{"rendered":"<p>\u201cTele Sena\u201d\u00a0Pais (2017): os sorteios Mais e Menos pontos desta &#8220;Tele Sena&#8221; acontecem nos domingos, no SBT. Primeiro sorteio: 02\/07; segundo sorteio: 09\/07; terceiro sorteio: 16\/07; quarto sorteio: 23\/07; quinto e \u00faltimo sorteio: 30\/07. Nesta edi\u00e7\u00e3o, a &#8220;Tele Sena&#8221; Pais conta com a participa\u00e7\u00e3o especial do cantor Daniel. Nas premia\u00e7\u00f5es, a &#8220;Tele Sena&#8221; Pais traz [&hellip;]<\/p>\n","protected":false},"author":2,"featured_media":49116,"comment_status":"open","ping_status":"closed","sticky":false,"template":"","format":"standard","meta":{"tdm_status":"","tdm_grid_status":"","footnotes":""},"categories":[335,356],"tags":[],"class_list":{"0":"post-116200","1":"post","2":"type-post","3":"status-publish","4":"format-standard","5":"has-post-thumbnail","7":"category-loteria","8":"category-tele-sena"},"_links":{"self":[{"href":"https:\/\/migracao.redenoticia.com.br\/noticia\/wp-json\/wp\/v2\/posts\/116200","targetHints":{"allow":["GET"]}}],"collection":[{"href":"https:\/\/migracao.redenoticia.com.br\/noticia\/wp-json\/wp\/v2\/posts"}],"about":[{"href":"https:\/\/migracao.redenoticia.com.br\/noticia\/wp-json\/wp\/v2\/types\/post"}],"author":[{"embeddable":true,"href":"https:\/\/migracao.redenoticia.com.br\/noticia\/wp-json\/wp\/v2\/users\/2"}],"replies":[{"embeddable":true,"href":"https:\/\/migracao.redenoticia.com.br\/noticia\/wp-json\/wp\/v2\/comments?post=116200"}],"version-history":[{"count":0,"href":"https:\/\/migracao.redenoticia.com.br\/noticia\/wp-json\/wp\/v2\/posts\/116200\/revisions"}],"wp:featuredmedia":[{"embeddable":true,"href":"https:\/\/migracao.redenoticia.com.br\/noticia\/wp-json\/wp\/v2\/media\/49116"}],"wp:attachment":[{"href":"https:\/\/migracao.redenoticia.com.br\/noticia\/wp-json\/wp\/v2\/media?parent=116200"}],"wp:term":[{"taxonomy":"category","embeddable":true,"href":"https:\/\/migracao.redenoticia.com.br\/noticia\/wp-json\/wp\/v2\/categories?post=116200"},{"taxonomy":"post_tag","embeddable":true,"href":"https:\/\/migracao.redenoticia.com.br\/noticia\/wp-json\/wp\/v2\/tags?post=116200"}],"curies":[{"name":"wp","href":"https:\/\/api.w.org\/{rel}","templated":true}]}}