{"id":116236,"date":"2017-07-07T16:33:14","date_gmt":"2017-07-07T19:33:14","guid":{"rendered":"https:\/\/www.redenoticia.com.br\/noticia\/?p=116236"},"modified":"2017-07-10T20:20:09","modified_gmt":"2017-07-10T23:20:09","slug":"novela-ribeirao-do-tempo-resumo-1007-arminda-e-diana-sofrem-com-sumico-de-joca","status":"publish","type":"post","link":"https:\/\/migracao.redenoticia.com.br\/noticia\/2017\/novela-ribeirao-do-tempo-resumo-1007-arminda-e-diana-sofrem-com-sumico-de-joca\/116236","title":{"rendered":"Novela \u201cRibeir\u00e3o do Tempo\u201d resumo 10\/07: Joca come\u00e7a a retomar a consci\u00eancia"},"content":{"rendered":"<p> <img loading=\"lazy\" decoding=\"async\" src=\"https:\/\/migracao.redenoticia.com.br\/noticia\/imagens\/ribeirao_do_tempo_novela_record_resumo-150x112.jpg\" alt=\"\" width=\"150\" height=\"112\" class=\"alignleft size-thumbnail wp-image-108265\" srcset=\"https:\/\/migracao.redenoticia.com.br\/noticia\/imagens\/ribeirao_do_tempo_novela_record_resumo-150x112.jpg 150w, https:\/\/migracao.redenoticia.com.br\/noticia\/imagens\/ribeirao_do_tempo_novela_record_resumo-265x198.jpg 265w\" sizes=\"auto, (max-width: 150px) 100vw, 150px\" \/><strong><em>Novela \u201cRibeir\u00e3o do Tempo\u201d resumo 10\/07<\/em><\/strong>: no capitulo 090 (*) da novela \u201cRibeir\u00e3o do Tempo\u201d, segunda-feira, 10 de julho, Marta e Viriato encontram o carro de Joca abandonado na estrada e procuram por pistas. Sereno espiona a conven\u00e7\u00e3o do partido de Ari. Flores conta a Ellen que a conspira\u00e7\u00e3o \u00e9 real e ela fica perplexa. Com a boate vazia, Quer\u00eancio chama Marisa para beber com ele e com Escul\u00e1pio. Marta e o policial acham uma pista e a seguem pela mata. Os dois gritam por Joca. Ellen desconfia da liga\u00e7\u00e3o do desaparecimento de Joca com o Comando Invis\u00edvel e pergunta a Flores se ele est\u00e1 envolvido na Conspira\u00e7\u00e3o Azul. <\/p>\n<p>Flores afirma simpatia ao movimento. Marta e Carlos acham uma garrafa quebrada no local em que Flores disparou o fuzil. Eles chegam at\u00e9 a margem do rio, mas desistem da busca e v\u00e3o embora. Quer\u00eancio come\u00e7a a ficar ansioso e, em seguida, Sereno anuncia a chegada de uma multid\u00e3o. C\u00e9lia, Bruno e Nicolau comemoram a presen\u00e7a da multid\u00e3o. Marta encontra L\u00e9ia para contar o que descobriu.<\/p>\n<p>L\u00e9ia entra em p\u00e2nico e Marta tenta acalm\u00e1-la. Ari incita a multid\u00e3o contra Quer\u00eancio e convoca todos para uma marcha at\u00e9 a pra\u00e7a do Enforcado. Nicolau fica sabendo do com\u00edcio de Ari e convoca todos da boate para irem para a pra\u00e7a. Sereno conta a Flores sobre o com\u00edcio e segue com a multid\u00e3o. Quer\u00eancio e Ari se estranham e a briga come\u00e7a. Arminda fica seriamente preocupada com o sumi\u00e7o de Joca. Na caverna de Bill, Joca come\u00e7a a retomar a consci\u00eancia e reconhece o ermit\u00e3o. <\/p>\n<p>(*) edi\u00e7\u00e3o da Rede Record, Novela \u201cRibeir\u00e3o do Tempo\u201d, sujeito a altera\u00e7\u00e3o de data e conte\u00fado.<\/p>\n","protected":false},"excerpt":{"rendered":"<p>Novela \u201cRibeir\u00e3o do Tempo\u201d resumo 10\/07: no capitulo 090 (*) da novela \u201cRibeir\u00e3o do Tempo\u201d, segunda-feira, 10 de julho, Marta e Viriato encontram o carro de Joca abandonado na estrada e procuram por pistas. Sereno espiona a conven\u00e7\u00e3o do partido de Ari. Flores conta a Ellen que a conspira\u00e7\u00e3o \u00e9 real e ela fica perplexa. [&hellip;]<\/p>\n","protected":false},"author":2,"featured_media":108265,"comment_status":"open","ping_status":"closed","sticky":false,"template":"","format":"standard","meta":{"tdm_status":"","tdm_grid_status":"","footnotes":""},"categories":[379,371,343],"tags":[441],"class_list":{"0":"post-116236","1":"post","2":"type-post","3":"status-publish","4":"format-standard","5":"has-post-thumbnail","7":"category-novelas","8":"category-rede-record","9":"category-televisao","10":"tag-resumo-do-dia"},"_links":{"self":[{"href":"https:\/\/migracao.redenoticia.com.br\/noticia\/wp-json\/wp\/v2\/posts\/116236","targetHints":{"allow":["GET"]}}],"collection":[{"href":"https:\/\/migracao.redenoticia.com.br\/noticia\/wp-json\/wp\/v2\/posts"}],"about":[{"href":"https:\/\/migracao.redenoticia.com.br\/noticia\/wp-json\/wp\/v2\/types\/post"}],"author":[{"embeddable":true,"href":"https:\/\/migracao.redenoticia.com.br\/noticia\/wp-json\/wp\/v2\/users\/2"}],"replies":[{"embeddable":true,"href":"https:\/\/migracao.redenoticia.com.br\/noticia\/wp-json\/wp\/v2\/comments?post=116236"}],"version-history":[{"count":0,"href":"https:\/\/migracao.redenoticia.com.br\/noticia\/wp-json\/wp\/v2\/posts\/116236\/revisions"}],"wp:featuredmedia":[{"embeddable":true,"href":"https:\/\/migracao.redenoticia.com.br\/noticia\/wp-json\/wp\/v2\/media\/108265"}],"wp:attachment":[{"href":"https:\/\/migracao.redenoticia.com.br\/noticia\/wp-json\/wp\/v2\/media?parent=116236"}],"wp:term":[{"taxonomy":"category","embeddable":true,"href":"https:\/\/migracao.redenoticia.com.br\/noticia\/wp-json\/wp\/v2\/categories?post=116236"},{"taxonomy":"post_tag","embeddable":true,"href":"https:\/\/migracao.redenoticia.com.br\/noticia\/wp-json\/wp\/v2\/tags?post=116236"}],"curies":[{"name":"wp","href":"https:\/\/api.w.org\/{rel}","templated":true}]}}