{"id":116262,"date":"2017-07-01T17:33:20","date_gmt":"2017-07-01T20:33:20","guid":{"rendered":"https:\/\/www.redenoticia.com.br\/noticia\/?p=116262"},"modified":"2017-07-01T17:24:33","modified_gmt":"2017-07-01T20:24:33","slug":"resumo-novela-carinha-de-anjo-0307-cecilia-conta-para-fabiana-que-vai-deixar-o-internato","status":"publish","type":"post","link":"https:\/\/migracao.redenoticia.com.br\/noticia\/2017\/resumo-novela-carinha-de-anjo-0307-cecilia-conta-para-fabiana-que-vai-deixar-o-internato\/116262","title":{"rendered":"Resumo novela \u201cCarinha de Anjo\u201d 03\/07: Cec\u00edlia conta para Fabiana que vai deixar o internato"},"content":{"rendered":"<p> <img loading=\"lazy\" decoding=\"async\" class=\"alignleft size-thumbnail wp-image-99331\" src=\"https:\/\/migracao.redenoticia.com.br\/noticia\/imagens\/carinha_de_anjo_sbt_novela_resumo_capitulo-150x112.jpg\" alt=\"carinha_de_anjo_sbt_novela_resumo_capitulo\" width=\"150\" height=\"112\" srcset=\"https:\/\/migracao.redenoticia.com.br\/noticia\/imagens\/carinha_de_anjo_sbt_novela_resumo_capitulo-150x112.jpg 150w, https:\/\/migracao.redenoticia.com.br\/noticia\/imagens\/carinha_de_anjo_sbt_novela_resumo_capitulo-265x198.jpg 265w\" sizes=\"auto, (max-width: 150px) 100vw, 150px\" \/><strong><em>Resumo novela \u201cCarinha de Anjo\u201d 03\/07<\/em><\/strong>: no cap\u00edtulo 161(*) da novela \u201cCarinha de Anjo\u201d, resumo de segunda-feira, 03 de julho, Peixoto diz para Rosana que estava com muita saudade dela. Estef\u00e2nia comenta durante jantar que acredita que Ver\u00f4nica esteja interessada em outro homem e n\u00e3o em Crist\u00f3v\u00e3o. Gustavo diz que \u00e9 uma boa teoria e vai prestar mais a aten\u00e7\u00e3o. <\/p>\n<p>Padre Gabriel aconselha Gustavo priorizar sua aten\u00e7\u00e3o apenas em Dulce Maria neste momento. Cec\u00edlia conta para Dulce Maria que o pai de Miguel morreu. Em\u00edlio sonha com o casamento entre Peixoto e Rosana. Todos comemoram no sonho. Cec\u00edlia conta para Fabiana que ap\u00f3s a festa de anivers\u00e1rio de Dulce Maria vai deixar o internato para sempre, assim como deixar a vida religiosa. Fabiana fica triste com a not\u00edcia e pergunta se ela ir\u00e1 se declarar para Gustavo. <\/p>\n<p>Cec\u00edlia revela que n\u00e3o vai fazer isso, mas que se tivesse voca\u00e7\u00e3o para a vida religiosa jamais teria se apaixonado por Gustavo. Solange conta para Vitor e Estef\u00e2nia que est\u00e1 interessado em Pascoal. Dulce e Mariana acordam Cec\u00edlia e Fabiana com copos de \u00e1gua, pois as novi\u00e7as estavam atrasadas. Flagradas pela Madre no corredor, as meninas inventam que viram baratas.<\/p>\n<p>(*) edi\u00e7\u00e3o do SBT, Novela \u201cCarinha de Anjo\u201d, sujeito a altera\u00e7\u00e3o de data e conte\u00fado.<\/p>\n<p>Carinha de Anjo \u00e9 uma telenovela brasileira produzida e exibida originalmente pelo SBT desde o dia 21 de novembro de 2016, substituindo o hor\u00e1rio anteriormente ocupado por C\u00famplices de um Resgate. A telenovela \u00e9 inspirada na mexicana Carita de \u00e1ngel, que, por sua vez, \u00e9 um remake de Mundo de juguete, ambas produzidas pela Televisa e que haviam sido baseadas na trama argentina escrita por Abel Santa Cruz, Pap\u00e1 coraz\u00f3n. Esta ser\u00e1 a segunda adapta\u00e7\u00e3o brasileira da obra original argentina, visto que a Rede Tupi apresentou em 1976 a sua primeira vers\u00e3o, chamada de Papai Cora\u00e7\u00e3o. A nova vers\u00e3o \u00e9 escrita por Leonor Corr\u00eaa, com supervis\u00e3o de \u00cdris Abravanel e dire\u00e7\u00e3o geral de Ricardo Mantoanelli. A trama conta com Lorena Queiroz, Bia Arantes, Carlo Porto, Priscila Sol, Dani Gondim, Karin Hils, Eliana Guttman e Lucero nos pap\u00e9is principais.<\/p>\n","protected":false},"excerpt":{"rendered":"<p>Resumo novela \u201cCarinha de Anjo\u201d 03\/07: no cap\u00edtulo 161(*) da novela \u201cCarinha de Anjo\u201d, resumo de segunda-feira, 03 de julho, Peixoto diz para Rosana que estava com muita saudade dela. Estef\u00e2nia comenta durante jantar que acredita que Ver\u00f4nica esteja interessada em outro homem e n\u00e3o em Crist\u00f3v\u00e3o. Gustavo diz que \u00e9 uma boa teoria e [&hellip;]<\/p>\n","protected":false},"author":2,"featured_media":99331,"comment_status":"open","ping_status":"closed","sticky":false,"template":"","format":"standard","meta":{"tdm_status":"","tdm_grid_status":"","footnotes":""},"categories":[452,379,372,343],"tags":[441],"class_list":{"0":"post-116262","1":"post","2":"type-post","3":"status-publish","4":"format-standard","5":"has-post-thumbnail","7":"category-carinha-de-anjo","8":"category-novelas","9":"category-sbt","10":"category-televisao","11":"tag-resumo-do-dia"},"_links":{"self":[{"href":"https:\/\/migracao.redenoticia.com.br\/noticia\/wp-json\/wp\/v2\/posts\/116262","targetHints":{"allow":["GET"]}}],"collection":[{"href":"https:\/\/migracao.redenoticia.com.br\/noticia\/wp-json\/wp\/v2\/posts"}],"about":[{"href":"https:\/\/migracao.redenoticia.com.br\/noticia\/wp-json\/wp\/v2\/types\/post"}],"author":[{"embeddable":true,"href":"https:\/\/migracao.redenoticia.com.br\/noticia\/wp-json\/wp\/v2\/users\/2"}],"replies":[{"embeddable":true,"href":"https:\/\/migracao.redenoticia.com.br\/noticia\/wp-json\/wp\/v2\/comments?post=116262"}],"version-history":[{"count":0,"href":"https:\/\/migracao.redenoticia.com.br\/noticia\/wp-json\/wp\/v2\/posts\/116262\/revisions"}],"wp:featuredmedia":[{"embeddable":true,"href":"https:\/\/migracao.redenoticia.com.br\/noticia\/wp-json\/wp\/v2\/media\/99331"}],"wp:attachment":[{"href":"https:\/\/migracao.redenoticia.com.br\/noticia\/wp-json\/wp\/v2\/media?parent=116262"}],"wp:term":[{"taxonomy":"category","embeddable":true,"href":"https:\/\/migracao.redenoticia.com.br\/noticia\/wp-json\/wp\/v2\/categories?post=116262"},{"taxonomy":"post_tag","embeddable":true,"href":"https:\/\/migracao.redenoticia.com.br\/noticia\/wp-json\/wp\/v2\/tags?post=116262"}],"curies":[{"name":"wp","href":"https:\/\/api.w.org\/{rel}","templated":true}]}}