{"id":116268,"date":"2017-07-01T17:36:40","date_gmt":"2017-07-01T20:36:40","guid":{"rendered":"https:\/\/www.redenoticia.com.br\/noticia\/?p=116268"},"modified":"2017-07-01T17:27:24","modified_gmt":"2017-07-01T20:27:24","slug":"resumo-novela-novo-mundo-0307-joaquim-e-anna-se-encontram","status":"publish","type":"post","link":"https:\/\/migracao.redenoticia.com.br\/noticia\/2017\/resumo-novela-novo-mundo-0307-joaquim-e-anna-se-encontram\/116268","title":{"rendered":"Resumo novela \u201cNovo Mundo\u201d 03\/07: Joaquim e Anna se encontram"},"content":{"rendered":"<p> <img loading=\"lazy\" decoding=\"async\" class=\"alignleft size-thumbnail wp-image-107950\" src=\"https:\/\/migracao.redenoticia.com.br\/noticia\/imagens\/novo_mundo_novela_resumo_globo-150x112.jpg\" alt=\"\" width=\"150\" height=\"112\" srcset=\"https:\/\/migracao.redenoticia.com.br\/noticia\/imagens\/novo_mundo_novela_resumo_globo-150x112.jpg 150w, https:\/\/migracao.redenoticia.com.br\/noticia\/imagens\/novo_mundo_novela_resumo_globo-265x198.jpg 265w\" sizes=\"auto, (max-width: 150px) 100vw, 150px\" \/><strong><em>Resumo novela \u201cNovo Mundo\u201d 03\/07<\/em><\/strong>: no cap\u00edtulo 089(*) da novela \u201cNovo Mundo\u201d, resumo de segunda-feira, 03 de julho, Anna disfar\u00e7a para que Thomas n\u00e3o perceba a encena\u00e7\u00e3o de Olinto. Am\u00e1lia diz a Peter que reconheceu a voz de Sebasti\u00e3o. Olinto explica para Anna o plano de Joaquim. Leopoldina discute com Dom Pedro por causa de Domitila. Domitila pensa em ter um filho de Dom Pedro. Licurgo reconhece Madame Dalila. Diara pede para Ferdinando n\u00e3o ir embora e Jacira percebe o clima entre eles. Sebasti\u00e3o encontra Maximiliano sem saber que \u00e9 Olinto. Germana ataca Hugo. Bonif\u00e1cio tenta aconselhar Leopoldina sobre seu casamento. Thomas procura Domitila. Joaquim e Anna se encontram.<\/p>\n<p>(*) edi\u00e7\u00e3o da Rede Globo, Novela \u201cNovo Mundo\u201d, sujeito a altera\u00e7\u00e3o de data e conte\u00fado.<\/p>\n<p>Novo Mundo \u00e9 uma telenovela brasileira produzida pela Rede Globo. Escrita por Thereza Falc\u00e3o e Alessandro Marson, conta com dire\u00e7\u00e3o art\u00edstica de Vin\u00edcius Coimbra. Conta com as participa\u00e7\u00f5es de Isabelle Drummond, Chay Suede, Caio Castro, Let\u00edcia Colin, Leo Jaime, D\u00e9bora Olivieri, Rodrigo Simas, Giullia Buscacio, Vivianne Pasmanter, Guilherme Piva, R\u00f4mulo Estrela, Agatha Moreira, Luisa Micheletti, Gabriel Braga Nunes, e Ingrid Guimar\u00e3es.<\/p>\n","protected":false},"excerpt":{"rendered":"<p>Resumo novela \u201cNovo Mundo\u201d 03\/07: no cap\u00edtulo 089(*) da novela \u201cNovo Mundo\u201d, resumo de segunda-feira, 03 de julho, Anna disfar\u00e7a para que Thomas n\u00e3o perceba a encena\u00e7\u00e3o de Olinto. Am\u00e1lia diz a Peter que reconheceu a voz de Sebasti\u00e3o. Olinto explica para Anna o plano de Joaquim. Leopoldina discute com Dom Pedro por causa de [&hellip;]<\/p>\n","protected":false},"author":2,"featured_media":107950,"comment_status":"open","ping_status":"closed","sticky":false,"template":"","format":"standard","meta":{"tdm_status":"","tdm_grid_status":"","footnotes":""},"categories":[379,375,343],"tags":[441],"class_list":{"0":"post-116268","1":"post","2":"type-post","3":"status-publish","4":"format-standard","5":"has-post-thumbnail","7":"category-novelas","8":"category-rede-globo","9":"category-televisao","10":"tag-resumo-do-dia"},"_links":{"self":[{"href":"https:\/\/migracao.redenoticia.com.br\/noticia\/wp-json\/wp\/v2\/posts\/116268","targetHints":{"allow":["GET"]}}],"collection":[{"href":"https:\/\/migracao.redenoticia.com.br\/noticia\/wp-json\/wp\/v2\/posts"}],"about":[{"href":"https:\/\/migracao.redenoticia.com.br\/noticia\/wp-json\/wp\/v2\/types\/post"}],"author":[{"embeddable":true,"href":"https:\/\/migracao.redenoticia.com.br\/noticia\/wp-json\/wp\/v2\/users\/2"}],"replies":[{"embeddable":true,"href":"https:\/\/migracao.redenoticia.com.br\/noticia\/wp-json\/wp\/v2\/comments?post=116268"}],"version-history":[{"count":0,"href":"https:\/\/migracao.redenoticia.com.br\/noticia\/wp-json\/wp\/v2\/posts\/116268\/revisions"}],"wp:featuredmedia":[{"embeddable":true,"href":"https:\/\/migracao.redenoticia.com.br\/noticia\/wp-json\/wp\/v2\/media\/107950"}],"wp:attachment":[{"href":"https:\/\/migracao.redenoticia.com.br\/noticia\/wp-json\/wp\/v2\/media?parent=116268"}],"wp:term":[{"taxonomy":"category","embeddable":true,"href":"https:\/\/migracao.redenoticia.com.br\/noticia\/wp-json\/wp\/v2\/categories?post=116268"},{"taxonomy":"post_tag","embeddable":true,"href":"https:\/\/migracao.redenoticia.com.br\/noticia\/wp-json\/wp\/v2\/tags?post=116268"}],"curies":[{"name":"wp","href":"https:\/\/api.w.org\/{rel}","templated":true}]}}