{"id":116305,"date":"2017-07-03T16:39:55","date_gmt":"2017-07-03T19:39:55","guid":{"rendered":"https:\/\/www.redenoticia.com.br\/noticia\/?p=116305"},"modified":"2017-07-04T16:36:56","modified_gmt":"2017-07-04T19:36:56","slug":"novela-ribeirao-do-tempo-resumo-0407-flores-coloca-joca-na-mira-do-fuzil","status":"publish","type":"post","link":"https:\/\/migracao.redenoticia.com.br\/noticia\/2017\/novela-ribeirao-do-tempo-resumo-0407-flores-coloca-joca-na-mira-do-fuzil\/116305","title":{"rendered":"Novela \u201cRibeir\u00e3o do Tempo\u201d resumo 04\/07: Flores coloca Joca na mira do fuzil"},"content":{"rendered":"<p> <img loading=\"lazy\" decoding=\"async\" src=\"https:\/\/migracao.redenoticia.com.br\/noticia\/imagens\/ribeirao_do_tempo_novela_record_resumo-150x112.jpg\" alt=\"\" width=\"150\" height=\"112\" class=\"alignleft size-thumbnail wp-image-108265\" srcset=\"https:\/\/migracao.redenoticia.com.br\/noticia\/imagens\/ribeirao_do_tempo_novela_record_resumo-150x112.jpg 150w, https:\/\/migracao.redenoticia.com.br\/noticia\/imagens\/ribeirao_do_tempo_novela_record_resumo-265x198.jpg 265w\" sizes=\"auto, (max-width: 150px) 100vw, 150px\" \/><strong><em>Novela \u201cRibeir\u00e3o do Tempo\u201d resumo 04\/07<\/em><\/strong>: no capitulo 086 (*) da novela \u201cRibeir\u00e3o do Tempo\u201d, ter\u00e7a-feira, 04 de julho, Beatriz diz a Nicolau que talvez s\u00f3 Arminda possa salv\u00e1-lo. S\u00f4nia chega em casa muito tarde e Virg\u00ednia diz que n\u00e3o conseguiu dormir esperando por ela. Flores chega em casa e \u00e9 recebido por F\u00e1tima. F\u00e1tima vai pegar o viol\u00e3o que ele trouxe, mas o professor a cont\u00e9m, en\u00e9rgico. Flores abre a caixa do viol\u00e3o, tira a arma e mostra para Sereno. O professor liga para L\u00e9ia e marca de encontr\u00e1-la. Bruno conta a Nicolau que Arminda deu for\u00e7a para Quer\u00eancio concordar com o casamento de Filomena. Arminda fica irritada por ter sido chamada aten\u00e7\u00e3o pelos diretores da empresa, pois sabe que houve interfer\u00eancia de Teixeira e Bruno. Joca recebe uma carta com um pedido de ajuda, marcando um encontro \u00e0s margens do Ribeir\u00e3o, e fica pensativo.<\/p>\n<p>Tito acerta com Clor\u00eds como vai pagar sua d\u00edvida. Ela ironiza, mas aceita os termos dele e aproveita para provoc\u00e1-lo, debochando do seu casamento com Filomena. Arminda desabafa com Filomena sobre os problemas da empresa na Europa e conta que decidiu que a Patrim\u00f4nio Eterno ir\u00e1 bancar o casamento. Nicolau liga para <\/p>\n<p>Flores e os dois discutem a possibilidade de ele desistir do casamento com Arminda como manobra pol\u00edtica. Beatriz pede para L\u00edlian tirar os \u00f3culos escuros e fica horrorizada com o estado dela. A vi\u00fava a aconselha a sair da casa. L\u00edlian procura Nicolau para perguntar se ele quer que ela continue morando com ele. Irritado, ele diz que \u00e9 indiferente e a amea\u00e7a mais uma vez. Diana vai encontrar Joca e conhece L\u00e9ia. <\/p>\n<p>(*) edi\u00e7\u00e3o da Rede Record, Novela \u201cRibeir\u00e3o do Tempo\u201d, sujeito a altera\u00e7\u00e3o de data e conte\u00fado.<\/p>\n","protected":false},"excerpt":{"rendered":"<p>Novela \u201cRibeir\u00e3o do Tempo\u201d resumo 04\/07: no capitulo 086 (*) da novela \u201cRibeir\u00e3o do Tempo\u201d, ter\u00e7a-feira, 04 de julho, Beatriz diz a Nicolau que talvez s\u00f3 Arminda possa salv\u00e1-lo. S\u00f4nia chega em casa muito tarde e Virg\u00ednia diz que n\u00e3o conseguiu dormir esperando por ela. Flores chega em casa e \u00e9 recebido por F\u00e1tima. F\u00e1tima [&hellip;]<\/p>\n","protected":false},"author":2,"featured_media":108265,"comment_status":"open","ping_status":"closed","sticky":false,"template":"","format":"standard","meta":{"tdm_status":"","tdm_grid_status":"","footnotes":""},"categories":[379,371,343],"tags":[441],"class_list":{"0":"post-116305","1":"post","2":"type-post","3":"status-publish","4":"format-standard","5":"has-post-thumbnail","7":"category-novelas","8":"category-rede-record","9":"category-televisao","10":"tag-resumo-do-dia"},"_links":{"self":[{"href":"https:\/\/migracao.redenoticia.com.br\/noticia\/wp-json\/wp\/v2\/posts\/116305","targetHints":{"allow":["GET"]}}],"collection":[{"href":"https:\/\/migracao.redenoticia.com.br\/noticia\/wp-json\/wp\/v2\/posts"}],"about":[{"href":"https:\/\/migracao.redenoticia.com.br\/noticia\/wp-json\/wp\/v2\/types\/post"}],"author":[{"embeddable":true,"href":"https:\/\/migracao.redenoticia.com.br\/noticia\/wp-json\/wp\/v2\/users\/2"}],"replies":[{"embeddable":true,"href":"https:\/\/migracao.redenoticia.com.br\/noticia\/wp-json\/wp\/v2\/comments?post=116305"}],"version-history":[{"count":0,"href":"https:\/\/migracao.redenoticia.com.br\/noticia\/wp-json\/wp\/v2\/posts\/116305\/revisions"}],"wp:featuredmedia":[{"embeddable":true,"href":"https:\/\/migracao.redenoticia.com.br\/noticia\/wp-json\/wp\/v2\/media\/108265"}],"wp:attachment":[{"href":"https:\/\/migracao.redenoticia.com.br\/noticia\/wp-json\/wp\/v2\/media?parent=116305"}],"wp:term":[{"taxonomy":"category","embeddable":true,"href":"https:\/\/migracao.redenoticia.com.br\/noticia\/wp-json\/wp\/v2\/categories?post=116305"},{"taxonomy":"post_tag","embeddable":true,"href":"https:\/\/migracao.redenoticia.com.br\/noticia\/wp-json\/wp\/v2\/tags?post=116305"}],"curies":[{"name":"wp","href":"https:\/\/api.w.org\/{rel}","templated":true}]}}