{"id":116342,"date":"2017-07-04T16:40:33","date_gmt":"2017-07-04T19:40:33","guid":{"rendered":"https:\/\/www.redenoticia.com.br\/noticia\/?p=116342"},"modified":"2017-07-05T18:55:35","modified_gmt":"2017-07-05T21:55:35","slug":"novela-ribeirao-do-tempo-resumo-0507-filo-convida-diana-para-ser-dama-de-honra","status":"publish","type":"post","link":"https:\/\/migracao.redenoticia.com.br\/noticia\/2017\/novela-ribeirao-do-tempo-resumo-0507-filo-convida-diana-para-ser-dama-de-honra\/116342","title":{"rendered":"Novela \u201cRibeir\u00e3o do Tempo\u201d resumo 05\/07: Filo convida Diana para ser dama de honra"},"content":{"rendered":"<p> <img loading=\"lazy\" decoding=\"async\" src=\"https:\/\/migracao.redenoticia.com.br\/noticia\/imagens\/ribeirao_do_tempo_novela_record_resumo-150x112.jpg\" alt=\"\" width=\"150\" height=\"112\" class=\"alignleft size-thumbnail wp-image-108265\" srcset=\"https:\/\/migracao.redenoticia.com.br\/noticia\/imagens\/ribeirao_do_tempo_novela_record_resumo-150x112.jpg 150w, https:\/\/migracao.redenoticia.com.br\/noticia\/imagens\/ribeirao_do_tempo_novela_record_resumo-265x198.jpg 265w\" sizes=\"auto, (max-width: 150px) 100vw, 150px\" \/><strong><em>Novela \u201cRibeir\u00e3o do Tempo\u201d resumo 05\/07<\/em><\/strong>: no capitulo 087 (*) da novela \u201cRibeir\u00e3o do Tempo\u201d, quarta-feira, 05 de julho, Flores pega o fuzil que est\u00e1 escondido em uma caixa de viol\u00e3o e checa a muni\u00e7\u00e3o. Ari se prepara para receber os correligion\u00e1rios. Quer\u00eancio diz a Bruno que s\u00f3 vai fazer a conven\u00e7\u00e3o do partido se puder realiz\u00e1-la na boate. Flores entra de carro em uma rua deserta para encontrar Sereno. Joca, tenso, estaciona em um local ermo e frio, sai do carro e se embrenha na floresta.<\/p>\n<p>Flores tira a caixa do porta-malas e entra em uma trilha com Sereno. Filomena, Arminda e Diana discutem os detalhes do casamento. Tito vai ao solar para encontrar Filomena. Na sala, enquanto espera, folheia uma revista e se lembra das promessas de amor de Karina. Joca aguarda a chegada do informante misterioso. Sereno e Flores escondidos em um ponto relativamente distante de Joca se preparam para atirar. Flores coloca Joca na mira telesc\u00f3pica do fuzil&#8230;<\/p>\n<p>Filomena convida Diana para ser dama de honra de seu casamento. A menina aceita o convite, mas pede para ajud\u00e1-la a escolher seu vestido. Diana conta a Arminda que foi visitar Joca e a executiva d\u00e1 uma bronca na adolescente. Flores aponta a arma para Joca, que n\u00e3o p\u00e1ra quieto. Flores atira e Joca se assusta. Joca corre, mas \u00e9 atingido na barriga. Ele se joga no rio. Flores e Sereno procuram por Joca, mas n\u00e3o o acham e concluem que ele morreu. Animado, Tito conta a Fil\u00f3 sobre os pr\u00f3ximos passos para reerguer a pousada. Diana reclama com Arminda de que ela reprova tudo o que ela faz. Tito diz a Filomena que acha importante eles fazerem um acordo pr\u00e9-nupcial. Flores e Sereno voltam para a casa. <\/p>\n<p>(*) edi\u00e7\u00e3o da Rede Record, Novela \u201cRibeir\u00e3o do Tempo\u201d, sujeito a altera\u00e7\u00e3o de data e conte\u00fado.<\/p>\n","protected":false},"excerpt":{"rendered":"<p>Novela \u201cRibeir\u00e3o do Tempo\u201d resumo 05\/07: no capitulo 087 (*) da novela \u201cRibeir\u00e3o do Tempo\u201d, quarta-feira, 05 de julho, Flores pega o fuzil que est\u00e1 escondido em uma caixa de viol\u00e3o e checa a muni\u00e7\u00e3o. Ari se prepara para receber os correligion\u00e1rios. Quer\u00eancio diz a Bruno que s\u00f3 vai fazer a conven\u00e7\u00e3o do partido se [&hellip;]<\/p>\n","protected":false},"author":2,"featured_media":108265,"comment_status":"open","ping_status":"closed","sticky":false,"template":"","format":"standard","meta":{"tdm_status":"","tdm_grid_status":"","footnotes":""},"categories":[379,371,343],"tags":[441],"class_list":{"0":"post-116342","1":"post","2":"type-post","3":"status-publish","4":"format-standard","5":"has-post-thumbnail","7":"category-novelas","8":"category-rede-record","9":"category-televisao","10":"tag-resumo-do-dia"},"_links":{"self":[{"href":"https:\/\/migracao.redenoticia.com.br\/noticia\/wp-json\/wp\/v2\/posts\/116342","targetHints":{"allow":["GET"]}}],"collection":[{"href":"https:\/\/migracao.redenoticia.com.br\/noticia\/wp-json\/wp\/v2\/posts"}],"about":[{"href":"https:\/\/migracao.redenoticia.com.br\/noticia\/wp-json\/wp\/v2\/types\/post"}],"author":[{"embeddable":true,"href":"https:\/\/migracao.redenoticia.com.br\/noticia\/wp-json\/wp\/v2\/users\/2"}],"replies":[{"embeddable":true,"href":"https:\/\/migracao.redenoticia.com.br\/noticia\/wp-json\/wp\/v2\/comments?post=116342"}],"version-history":[{"count":0,"href":"https:\/\/migracao.redenoticia.com.br\/noticia\/wp-json\/wp\/v2\/posts\/116342\/revisions"}],"wp:featuredmedia":[{"embeddable":true,"href":"https:\/\/migracao.redenoticia.com.br\/noticia\/wp-json\/wp\/v2\/media\/108265"}],"wp:attachment":[{"href":"https:\/\/migracao.redenoticia.com.br\/noticia\/wp-json\/wp\/v2\/media?parent=116342"}],"wp:term":[{"taxonomy":"category","embeddable":true,"href":"https:\/\/migracao.redenoticia.com.br\/noticia\/wp-json\/wp\/v2\/categories?post=116342"},{"taxonomy":"post_tag","embeddable":true,"href":"https:\/\/migracao.redenoticia.com.br\/noticia\/wp-json\/wp\/v2\/tags?post=116342"}],"curies":[{"name":"wp","href":"https:\/\/api.w.org\/{rel}","templated":true}]}}