{"id":116346,"date":"2017-07-04T16:42:44","date_gmt":"2017-07-04T19:42:44","guid":{"rendered":"https:\/\/www.redenoticia.com.br\/noticia\/?p=116346"},"modified":"2017-07-03T15:55:58","modified_gmt":"2017-07-03T18:55:58","slug":"novela-a-escrava-isaura-resumo-0507-geraldo-sugere-a-isaura-que-assuma-o-crime","status":"publish","type":"post","link":"https:\/\/migracao.redenoticia.com.br\/noticia\/2017\/novela-a-escrava-isaura-resumo-0507-geraldo-sugere-a-isaura-que-assuma-o-crime\/116346","title":{"rendered":"Novela \u201cA Escrava Isaura\u201d resumo 05\/07: Geraldo sugere a Isaura que assuma o crime"},"content":{"rendered":"<p> <img loading=\"lazy\" decoding=\"async\" class=\"alignleft size-thumbnail wp-image-103446\" src=\"https:\/\/migracao.redenoticia.com.br\/noticia\/imagens\/a_escrava_isaura_record_novela_resumo-150x112.jpg\" alt=\"\" width=\"150\" height=\"112\" srcset=\"https:\/\/migracao.redenoticia.com.br\/noticia\/imagens\/a_escrava_isaura_record_novela_resumo-150x112.jpg 150w, https:\/\/migracao.redenoticia.com.br\/noticia\/imagens\/a_escrava_isaura_record_novela_resumo-265x198.jpg 265w\" sizes=\"auto, (max-width: 150px) 100vw, 150px\" \/><strong><em>Novela \u201cA Escrava Isaura\u201d resumo 05\/07<\/em><\/strong>: no capitulo 128 (*) da novela \u201cA Escrava Isaura\u201d, quarta-feira, 05 de julho, Rosa cobra a carta de alforria a Sebasti\u00e3o. Isaura e Helena conversam. Aurora conta a Sebasti\u00e3o que Helena foi presa. Malvina desconfia que Sebasti\u00e3o matou Le\u00f4ncio. Gabriel com a ajuda de Perp\u00e9tua consegue mexer a perna. Pedrinho conta a Perp\u00e9tua e Gabriel sobre a morte de Le\u00f4ncio e a pris\u00e3o de Isaura. Rosa diz que desconfia de Belchior. Jo\u00e3o e Joaquina colocam Rosa contra a parede. Gioconda declara a sua desconfian\u00e7a em Tom\u00e1sia. Sebasti\u00e3o diz que Malvina tamb\u00e9m \u00e9 suspeita. Belchior diz que n\u00e3o vai esquecer a cara que Le\u00f4ncio fez quando levou as facadas, o que aumentam as suspeitas sobre ele. Rosa e Andr\u00e9 desconfiam um do outro. \u00c1lvaro pensa com tristeza em Isaura. Geraldo sugere a Isaura que assuma o crime, mas ela nega-se a mentir. Sebasti\u00e3o tem um pesadelo com Le\u00f4ncio. Isaura e Helena ficam desconfiadas com a sugest\u00e3o de Geraldo.<\/p>\n<p>(*) edi\u00e7\u00e3o da Rede Record, Novela \u201cA Escrava Isaura\u201d, sujeito a altera\u00e7\u00e3o de data e conte\u00fado.<\/p>\n<p>A Escrava Isaura \u00e9 uma telenovela brasileira produzida pela Rede Record de Televis\u00e3o e exibida entre 18 de outubro de 2004 e 29 de abril de 2005, totalizando 167 cap\u00edtulos, 27 a mais que o originalmente previsto. Escrita por Tiago Santiago, Anamaria Nunes com colabora\u00e7\u00e3o de Altenir Silva e dirigida por Herval Rossano, F\u00e1bio Junqueira, Em\u00edlio Di Biasi e Fl\u00e1vio Colatrello Jr., \u00e9 inspirada no romance hom\u00f4nimo de 1875, escrito por Bernardo Guimar\u00e3es. A obra foi um sucesso logo ap\u00f3s ser publicada, em parte pelo apelo feminino em raz\u00e3o do sentimentalismo do enredo. O livro toca em pontos abolicionistas, que eram controversos na \u00e9poca e \u00e9 considerado um marco na literatura abolicionista brasileira.<\/p>\n","protected":false},"excerpt":{"rendered":"<p>Novela \u201cA Escrava Isaura\u201d resumo 05\/07: no capitulo 128 (*) da novela \u201cA Escrava Isaura\u201d, quarta-feira, 05 de julho, Rosa cobra a carta de alforria a Sebasti\u00e3o. Isaura e Helena conversam. Aurora conta a Sebasti\u00e3o que Helena foi presa. Malvina desconfia que Sebasti\u00e3o matou Le\u00f4ncio. Gabriel com a ajuda de Perp\u00e9tua consegue mexer a perna. [&hellip;]<\/p>\n","protected":false},"author":2,"featured_media":103446,"comment_status":"open","ping_status":"closed","sticky":false,"template":"","format":"standard","meta":{"tdm_status":"","tdm_grid_status":"","footnotes":""},"categories":[379,371,343],"tags":[441],"class_list":{"0":"post-116346","1":"post","2":"type-post","3":"status-publish","4":"format-standard","5":"has-post-thumbnail","7":"category-novelas","8":"category-rede-record","9":"category-televisao","10":"tag-resumo-do-dia"},"_links":{"self":[{"href":"https:\/\/migracao.redenoticia.com.br\/noticia\/wp-json\/wp\/v2\/posts\/116346","targetHints":{"allow":["GET"]}}],"collection":[{"href":"https:\/\/migracao.redenoticia.com.br\/noticia\/wp-json\/wp\/v2\/posts"}],"about":[{"href":"https:\/\/migracao.redenoticia.com.br\/noticia\/wp-json\/wp\/v2\/types\/post"}],"author":[{"embeddable":true,"href":"https:\/\/migracao.redenoticia.com.br\/noticia\/wp-json\/wp\/v2\/users\/2"}],"replies":[{"embeddable":true,"href":"https:\/\/migracao.redenoticia.com.br\/noticia\/wp-json\/wp\/v2\/comments?post=116346"}],"version-history":[{"count":0,"href":"https:\/\/migracao.redenoticia.com.br\/noticia\/wp-json\/wp\/v2\/posts\/116346\/revisions"}],"wp:featuredmedia":[{"embeddable":true,"href":"https:\/\/migracao.redenoticia.com.br\/noticia\/wp-json\/wp\/v2\/media\/103446"}],"wp:attachment":[{"href":"https:\/\/migracao.redenoticia.com.br\/noticia\/wp-json\/wp\/v2\/media?parent=116346"}],"wp:term":[{"taxonomy":"category","embeddable":true,"href":"https:\/\/migracao.redenoticia.com.br\/noticia\/wp-json\/wp\/v2\/categories?post=116346"},{"taxonomy":"post_tag","embeddable":true,"href":"https:\/\/migracao.redenoticia.com.br\/noticia\/wp-json\/wp\/v2\/tags?post=116346"}],"curies":[{"name":"wp","href":"https:\/\/api.w.org\/{rel}","templated":true}]}}