{"id":116350,"date":"2017-07-04T16:44:17","date_gmt":"2017-07-04T19:44:17","guid":{"rendered":"https:\/\/www.redenoticia.com.br\/noticia\/?p=116350"},"modified":"2017-07-06T21:59:32","modified_gmt":"2017-07-07T00:59:32","slug":"novela-o-rico-e-lazaro-resumo-0507-yasha-avisa-que-nao-se-casara-com-joaquim","status":"publish","type":"post","link":"https:\/\/migracao.redenoticia.com.br\/noticia\/2017\/novela-o-rico-e-lazaro-resumo-0507-yasha-avisa-que-nao-se-casara-com-joaquim\/116350","title":{"rendered":"Novela \u201cO Rico e L\u00e1zaro\u201d resumo 05\/07: Abednego visita Naomi"},"content":{"rendered":"<p> <img loading=\"lazy\" decoding=\"async\" src=\"https:\/\/migracao.redenoticia.com.br\/noticia\/imagens\/o_rico_e_o_lazaro_resumo_novela_record-150x112.jpg\" alt=\"\" width=\"150\" height=\"112\" class=\"alignleft size-thumbnail wp-image-107948\" srcset=\"https:\/\/migracao.redenoticia.com.br\/noticia\/imagens\/o_rico_e_o_lazaro_resumo_novela_record-150x112.jpg 150w, https:\/\/migracao.redenoticia.com.br\/noticia\/imagens\/o_rico_e_o_lazaro_resumo_novela_record-265x198.jpg 265w\" sizes=\"auto, (max-width: 150px) 100vw, 150px\" \/><strong><em>Novela \u201cO Rico e L\u00e1zaro\u201d resumo 05\/07<\/em><\/strong>: no capitulo 083(*) da novela \u201cO Rico e L\u00e1zaro\u201d, quarta-feira, 05 de julho, Gadise se abre com Kassaia e fala sobre sua gravidez. Neusta e Nit\u00f3cris se provocam. Matias convida Gadise para um jantar. Abednego estranha o comportamento de Matias. O rei manda servir algumas guloseimas para Daniel. Joaquim conversa com Yasha e confessa que ama Edissa. Neusta chega e eles avisam que n\u00e3o se casar\u00e3o mais. Neusta finge n\u00e3o ouvir o aviso de Joaquim e Yasha. Zac presenteia Zelfa e Elga. Shag-Shag avisa que procurar\u00e1 clientes no pal\u00e1cio. Yasha agradece a sinceridade de Joaquim. Neusta inicia as prepara\u00e7\u00f5es para a festa de casamento do filho. Nebuzarad\u00e3 d\u00e1 em cima de Joana e Sammu fica enciumada. Fassur discute com Zadoque. Neusta e Irom confabulam contra a Babil\u00f4nia. <\/p>\n<p>Shag-shag sente ci\u00fames ao ver Arioque conversando com Namnu. Hurzabum trata Rebeca com carinho. Fassur diz que far\u00e1 de tudo para destruir Joana. Triste, Shag-Shag retorna para a Casa da Lua. Raquel e Dalila parabenizam Gadise pela gravidez. Nit\u00f3cris amea\u00e7a Sammu-Ramat. <\/p>\n<p>Os s\u00e1bios hebreus lamentam a presen\u00e7a de Nabonido. Joaquim avisa que n\u00e3o se casar\u00e1 com Yasha e pede apoio a Evil-Merodaque e Shamiran. Lia se apresenta \u00e0 Amitis. Abednego visita Naomi. Daniel agradece a ajuda de Deus. <\/p>\n<p>(*) edi\u00e7\u00e3o da Rede Record, Novela \u201cO Rico e L\u00e1zaro\u201d, sujeito a altera\u00e7\u00e3o de data e conte\u00fado.<\/p>\n","protected":false},"excerpt":{"rendered":"<p>Novela \u201cO Rico e L\u00e1zaro\u201d resumo 05\/07: no capitulo 083(*) da novela \u201cO Rico e L\u00e1zaro\u201d, quarta-feira, 05 de julho, Gadise se abre com Kassaia e fala sobre sua gravidez. Neusta e Nit\u00f3cris se provocam. Matias convida Gadise para um jantar. Abednego estranha o comportamento de Matias. O rei manda servir algumas guloseimas para Daniel. [&hellip;]<\/p>\n","protected":false},"author":2,"featured_media":107948,"comment_status":"open","ping_status":"closed","sticky":false,"template":"","format":"standard","meta":{"tdm_status":"","tdm_grid_status":"","footnotes":""},"categories":[379,371,343],"tags":[441],"class_list":{"0":"post-116350","1":"post","2":"type-post","3":"status-publish","4":"format-standard","5":"has-post-thumbnail","7":"category-novelas","8":"category-rede-record","9":"category-televisao","10":"tag-resumo-do-dia"},"_links":{"self":[{"href":"https:\/\/migracao.redenoticia.com.br\/noticia\/wp-json\/wp\/v2\/posts\/116350","targetHints":{"allow":["GET"]}}],"collection":[{"href":"https:\/\/migracao.redenoticia.com.br\/noticia\/wp-json\/wp\/v2\/posts"}],"about":[{"href":"https:\/\/migracao.redenoticia.com.br\/noticia\/wp-json\/wp\/v2\/types\/post"}],"author":[{"embeddable":true,"href":"https:\/\/migracao.redenoticia.com.br\/noticia\/wp-json\/wp\/v2\/users\/2"}],"replies":[{"embeddable":true,"href":"https:\/\/migracao.redenoticia.com.br\/noticia\/wp-json\/wp\/v2\/comments?post=116350"}],"version-history":[{"count":0,"href":"https:\/\/migracao.redenoticia.com.br\/noticia\/wp-json\/wp\/v2\/posts\/116350\/revisions"}],"wp:featuredmedia":[{"embeddable":true,"href":"https:\/\/migracao.redenoticia.com.br\/noticia\/wp-json\/wp\/v2\/media\/107948"}],"wp:attachment":[{"href":"https:\/\/migracao.redenoticia.com.br\/noticia\/wp-json\/wp\/v2\/media?parent=116350"}],"wp:term":[{"taxonomy":"category","embeddable":true,"href":"https:\/\/migracao.redenoticia.com.br\/noticia\/wp-json\/wp\/v2\/categories?post=116350"},{"taxonomy":"post_tag","embeddable":true,"href":"https:\/\/migracao.redenoticia.com.br\/noticia\/wp-json\/wp\/v2\/tags?post=116350"}],"curies":[{"name":"wp","href":"https:\/\/api.w.org\/{rel}","templated":true}]}}