{"id":116375,"date":"2017-07-03T16:31:31","date_gmt":"2017-07-03T19:31:31","guid":{"rendered":"https:\/\/www.redenoticia.com.br\/noticia\/?p=116375"},"modified":"2017-07-03T16:31:31","modified_gmt":"2017-07-03T19:31:31","slug":"resumo-novela-chiquititas-0407-valentina-descobre-que-mili-e-sua-neta","status":"publish","type":"post","link":"https:\/\/migracao.redenoticia.com.br\/noticia\/2017\/resumo-novela-chiquititas-0407-valentina-descobre-que-mili-e-sua-neta\/116375","title":{"rendered":"Resumo novela \u201cChiquititas\u201d 04\/07: Valentina descobre que Mili \u00e9 sua neta"},"content":{"rendered":"<p><img loading=\"lazy\" decoding=\"async\" class=\"alignleft size-thumbnail wp-image-49690\" src=\"https:\/\/migracao.redenoticia.com.br\/noticia\/imagens\/chiquititas1-150x112.jpg\" alt=\"chiquititas\" width=\"150\" height=\"112\" \/><strong><em>Resumo novela \u201cChiquititas\u201d 04\/07<\/em><\/strong>: no cap\u00edtulo 211(*) da novela \u201cChiquititas\u201d, resumo de ter\u00e7a-feira, 04 de julho, Mili diz que Sofia lhe presenteou com a corrente antes de morrer e tem certeza que o objeto \u00e9 uma liga\u00e7\u00e3o entre ela e seus pais. Jos\u00e9 Ricardo entra e v\u00ea a corrente na m\u00e3o de Valentina. Mili diz que foi at\u00e9 a mans\u00e3o por estar preocupada com o desaparecimento de Gabriela. Mili tamb\u00e9m aproveita para contar sobre o sonho que teve com Jos\u00e9 Ricardo. A menina enfatiza que parece mais uma lembran\u00e7a e gostaria de saber se isso realmente aconteceu. Jos\u00e9 Ricardo diz que isso n\u00e3o aconteceu. Mili responde que acha estranho, pois possui a cicatriz no mesmo joelho em que caiu no sonho. Sozinha no quarto, Valentina vibra a descoberta de que Mili \u00e9 sua neta. Eduarda se desespera ao perceber que Maria Cec\u00edlia est\u00e1 pensando em desistir do casamento com Junior para ficar com Tobias. Maria Cec\u00edlia diz que n\u00e3o far\u00e1 isso. As crian\u00e7as cuidam do bebe. Fernando e Carol insistem mais uma vez para que Dani realize o tratamento para ela voltar a andar. Tobias faz uma coletiva de imprensa para dar uma satisfa\u00e7\u00e3o para todos os f\u00e3s sobre a farsa do personagem Tom\u00e1s Ferraz. Tobias reafirma que criou Tom\u00e1s para poder ser aceito pela fam\u00edlia de sua ent\u00e3o namorada. Valentina faz v\u00e1rias perguntas para Jos\u00e9 Ricardo: \u201cVoc\u00ea se lembra do colar com pingente de rosa que o meu filho (Miguel) deu de presente para a Gabriela? Aquele que se perdeu quando a Gabriela foi gravida para aquela fazenda?\u201d. Jos\u00e9 Ricardo diz que n\u00e3o se lembra. Valentina diz que encontrou o objeto e que ele est\u00e1 com Mili. A mulher revela que aquela joia \u00e9 \u00fanica e que Sofia deu o colar para a Mili. Valentina garante que para ela ter esse pingente s\u00f3 pode haver uma explica\u00e7\u00e3o e pede para ele parar de mentir. Os dois discutem. Valentina pergunta se Mili \u00e9 filha de Miguel e Gabriela. Jos\u00e9 Ricardo acaba assumindo e grita que Mili \u00e9 sim a filha de Gabriela. Valentina diz que contar\u00e1 isso para todos e que levar\u00e1 ele para a justi\u00e7a. Jos\u00e9 Ricardo amea\u00e7a Valentina e diz que acabar\u00e1 com o orfanato se qualquer um souber da verdade. Carmen aparece e interrompe a discuss\u00e3o.<\/p>\n<p>(*) edi\u00e7\u00e3o do SBT, Novela \u201cChiquititas\u201d, sujeito a altera\u00e7\u00e3o de data e conte\u00fado.<\/p>\n<p>Chiquititas gira em torno do orfanato Raio de Luz, que carrega em sua hist\u00f3ria um grande segredo envolvendo a fam\u00edlia e o dono do orfanato, Dr. Jos\u00e9 Ricardo Almeida Campos. Em um per\u00edodo anterior \u00e0 novela, exatos treze anos, sua filha Gabriela se apaixonou e ficou gr\u00e1vida de Miguel, filho de Valentina, empregada da casa dos Almeida Campos. Pouco depois, Jos\u00e9 Ricardo sequestrou sua neta, pois, como um homem conservador, ele n\u00e3o aceitava a ideia de que sua filha se envolvesse com um empregado. Como sua neta, Milena, apelidada como Mili, precisava de um lugar para morar, ele comprou um casar\u00e3o e fundou um orfanato, o Raio de Luz. Mili cresceu l\u00e1 com outras garotas que chegaram posteriormente: Bia, Ana, as irm\u00e3s Tati e Vivi, e Cris. Ao decorrer dos anos, elas se tornam uma fam\u00edlia. Elas s\u00e3o supervisionadas por Ernestina, zeladora do orfanato, e Chico, o cozinheiro amado pelas internas. Sofia, ex-governanta da fam\u00edlia Almeida Campos, \u00e9 a diretora do lugar, at\u00e9 que Carmem, irm\u00e3 de Jos\u00e9 Ricardo, entre em seu lugar. Chegam ainda mais \u00f3rf\u00e3os: Pata, Mosca, Binho e Rafa, que viviam nas ruas antes de entrarem na institui\u00e7\u00e3o. Pata e Mili tornam-se amigas rapidamente, enquanto Mosca, Binho e Rafa s\u00e3o os primeiros garotos a entrar no abrigo. As crian\u00e7as sem-teto foram ajudadas por uma doce e bela garota que tocam e mudam a vida delas, assim como as das garotas \u00f3rf\u00e3s.<\/p>\n","protected":false},"excerpt":{"rendered":"<p>Resumo novela \u201cChiquititas\u201d 04\/07: no cap\u00edtulo 211(*) da novela \u201cChiquititas\u201d, resumo de ter\u00e7a-feira, 04 de julho, Mili diz que Sofia lhe presenteou com a corrente antes de morrer e tem certeza que o objeto \u00e9 uma liga\u00e7\u00e3o entre ela e seus pais. Jos\u00e9 Ricardo entra e v\u00ea a corrente na m\u00e3o de Valentina. Mili diz [&hellip;]<\/p>\n","protected":false},"author":4,"featured_media":49690,"comment_status":"open","ping_status":"closed","sticky":false,"template":"","format":"standard","meta":{"tdm_status":"","tdm_grid_status":"","footnotes":""},"categories":[409,379,372,343],"tags":[441],"class_list":{"0":"post-116375","1":"post","2":"type-post","3":"status-publish","4":"format-standard","5":"has-post-thumbnail","7":"category-chiquititas","8":"category-novelas","9":"category-sbt","10":"category-televisao","11":"tag-resumo-do-dia"},"_links":{"self":[{"href":"https:\/\/migracao.redenoticia.com.br\/noticia\/wp-json\/wp\/v2\/posts\/116375","targetHints":{"allow":["GET"]}}],"collection":[{"href":"https:\/\/migracao.redenoticia.com.br\/noticia\/wp-json\/wp\/v2\/posts"}],"about":[{"href":"https:\/\/migracao.redenoticia.com.br\/noticia\/wp-json\/wp\/v2\/types\/post"}],"author":[{"embeddable":true,"href":"https:\/\/migracao.redenoticia.com.br\/noticia\/wp-json\/wp\/v2\/users\/4"}],"replies":[{"embeddable":true,"href":"https:\/\/migracao.redenoticia.com.br\/noticia\/wp-json\/wp\/v2\/comments?post=116375"}],"version-history":[{"count":0,"href":"https:\/\/migracao.redenoticia.com.br\/noticia\/wp-json\/wp\/v2\/posts\/116375\/revisions"}],"wp:featuredmedia":[{"embeddable":true,"href":"https:\/\/migracao.redenoticia.com.br\/noticia\/wp-json\/wp\/v2\/media\/49690"}],"wp:attachment":[{"href":"https:\/\/migracao.redenoticia.com.br\/noticia\/wp-json\/wp\/v2\/media?parent=116375"}],"wp:term":[{"taxonomy":"category","embeddable":true,"href":"https:\/\/migracao.redenoticia.com.br\/noticia\/wp-json\/wp\/v2\/categories?post=116375"},{"taxonomy":"post_tag","embeddable":true,"href":"https:\/\/migracao.redenoticia.com.br\/noticia\/wp-json\/wp\/v2\/tags?post=116375"}],"curies":[{"name":"wp","href":"https:\/\/api.w.org\/{rel}","templated":true}]}}