{"id":116419,"date":"2017-07-05T00:07:16","date_gmt":"2017-07-05T03:07:16","guid":{"rendered":"https:\/\/www.redenoticia.com.br\/noticia\/?p=116419"},"modified":"2017-07-04T15:48:38","modified_gmt":"2017-07-04T18:48:38","slug":"laboratorio-da-poli-usp-ingressa-em-rede-internacional-em-parceria-com-a-finlandia","status":"publish","type":"post","link":"https:\/\/migracao.redenoticia.com.br\/noticia\/2017\/laboratorio-da-poli-usp-ingressa-em-rede-internacional-em-parceria-com-a-finlandia\/116419","title":{"rendered":"Laborat\u00f3rio da Poli-USP ingressa em rede internacional em parceria com a Finl\u00e2ndia"},"content":{"rendered":"<p> Ag\u00eancia FAPESP \u2013 A Design Factory Global Network, rede internacional de ensino multidisciplinar, recebeu um novo membro: o InovaLab@POLI, laborat\u00f3rio de inova\u00e7\u00e3o e empreendedorismo voltado aos alunos de gradua\u00e7\u00e3o da Escola Polit\u00e9cnica da Universidade de S\u00e3o Paulo (Poli-USP). O <strong><em>InovaLab<\/em><\/strong> \u00e9 o primeiro laborat\u00f3rio de uma universidade brasileira a fazer parte da rede, que j\u00e1 re\u00fane universidades em Portugal, Su\u00ed\u00e7a, Estados Unidos, Austr\u00e1lia, Chile e Col\u00f4mbia.<\/p>\n<p>A Design Factory Global Network surgiu na Finl\u00e2ndia, como projeto da Universidade de Aalto para criar experi\u00eancias pr\u00e1ticas de aprendizagem. A universidade finlandesa decidiu apostar no trabalho colaborativo entre empresas e grupos de pesquisa e, com bons resultados nessa empreitada, ela expandiu o seu modelo e deu in\u00edcio \u00e0 rede.<\/p>\n<p>A cerim\u00f4nia que oficializou o ingresso do laborat\u00f3rio da Poli na rede ocorreu no dia 20 de junho de 2017, nas depend\u00eancias da Escola, com as presen\u00e7as do reitor da USP, Marco Antonio Zago; da vice-diretora da Poli, Liedi L\u00e9gi Bariani Bernucci; e do embaixador da Finl\u00e2ndia no Brasil, Markku Virri, entre outras autoridades.<\/p>\n<p>Desde 2016, a Poli j\u00e1 vem realizando atividades de prepara\u00e7\u00e3o para o ingresso na rede internacional. Neste semestre, 10 alunos da USP e oito alunos de universidades estrangeiras participaram de duas disciplinas optativas para o desenvolvimento de trabalhos internacionais. Nessas disciplinas, denominadas Applied Design Project I e II, os projetos s\u00e3o realizados em ingl\u00eas.<\/p>\n<p>Al\u00e9m de estreitar os la\u00e7os com o setor produtivo e estimular a interdisciplinaridade, a nova parceria ir\u00e1 permitir que os alunos brasileiros possam desenvolver atividades com a participa\u00e7\u00e3o de universit\u00e1rios e pesquisadores de diversos pa\u00edses.<\/p>\n<p>\u201cO InovaLab@POLI cresceu desde que foi criado e est\u00e1 dando um passo adiante ao se internacionalizar ingressando em uma rede com outras universidades que atuam da mesma forma, estimulando a inova\u00e7\u00e3o e o empreendedorismo para alunos de gradua\u00e7\u00e3o\u201d, disse Eduardo Zancul, professor da Poli e vice-coordenador do laborat\u00f3rio.<\/p>\n<p>Mais informa\u00e7\u00f5es: .<\/p>\n","protected":false},"excerpt":{"rendered":"<p>Ag\u00eancia FAPESP \u2013 A Design Factory Global Network, rede internacional de ensino multidisciplinar, recebeu um novo membro: o InovaLab@POLI, laborat\u00f3rio de inova\u00e7\u00e3o e empreendedorismo voltado aos alunos de gradua\u00e7\u00e3o da Escola Polit\u00e9cnica da Universidade de S\u00e3o Paulo (Poli-USP). O InovaLab \u00e9 o primeiro laborat\u00f3rio de uma universidade brasileira a fazer parte da rede, que j\u00e1 [&hellip;]<\/p>\n","protected":false},"author":2,"featured_media":57576,"comment_status":"open","ping_status":"closed","sticky":false,"template":"","format":"standard","meta":{"tdm_status":"","tdm_grid_status":"","footnotes":""},"categories":[22],"tags":[],"class_list":{"0":"post-116419","1":"post","2":"type-post","3":"status-publish","4":"format-standard","5":"has-post-thumbnail","7":"category-brasil"},"_links":{"self":[{"href":"https:\/\/migracao.redenoticia.com.br\/noticia\/wp-json\/wp\/v2\/posts\/116419","targetHints":{"allow":["GET"]}}],"collection":[{"href":"https:\/\/migracao.redenoticia.com.br\/noticia\/wp-json\/wp\/v2\/posts"}],"about":[{"href":"https:\/\/migracao.redenoticia.com.br\/noticia\/wp-json\/wp\/v2\/types\/post"}],"author":[{"embeddable":true,"href":"https:\/\/migracao.redenoticia.com.br\/noticia\/wp-json\/wp\/v2\/users\/2"}],"replies":[{"embeddable":true,"href":"https:\/\/migracao.redenoticia.com.br\/noticia\/wp-json\/wp\/v2\/comments?post=116419"}],"version-history":[{"count":0,"href":"https:\/\/migracao.redenoticia.com.br\/noticia\/wp-json\/wp\/v2\/posts\/116419\/revisions"}],"wp:featuredmedia":[{"embeddable":true,"href":"https:\/\/migracao.redenoticia.com.br\/noticia\/wp-json\/wp\/v2\/media\/57576"}],"wp:attachment":[{"href":"https:\/\/migracao.redenoticia.com.br\/noticia\/wp-json\/wp\/v2\/media?parent=116419"}],"wp:term":[{"taxonomy":"category","embeddable":true,"href":"https:\/\/migracao.redenoticia.com.br\/noticia\/wp-json\/wp\/v2\/categories?post=116419"},{"taxonomy":"post_tag","embeddable":true,"href":"https:\/\/migracao.redenoticia.com.br\/noticia\/wp-json\/wp\/v2\/tags?post=116419"}],"curies":[{"name":"wp","href":"https:\/\/api.w.org\/{rel}","templated":true}]}}