{"id":116435,"date":"2017-07-05T16:40:39","date_gmt":"2017-07-05T19:40:39","guid":{"rendered":"https:\/\/www.redenoticia.com.br\/noticia\/?p=116435"},"modified":"2017-07-06T16:42:58","modified_gmt":"2017-07-06T19:42:58","slug":"novela-ribeirao-do-tempo-resumo-0607-flores-finaliza-seu-manifesto","status":"publish","type":"post","link":"https:\/\/migracao.redenoticia.com.br\/noticia\/2017\/novela-ribeirao-do-tempo-resumo-0607-flores-finaliza-seu-manifesto\/116435","title":{"rendered":"Novela \u201cRibeir\u00e3o do Tempo\u201d resumo 06\/07: Flores finaliza seu manifesto"},"content":{"rendered":"<p> <img loading=\"lazy\" decoding=\"async\" src=\"https:\/\/migracao.redenoticia.com.br\/noticia\/imagens\/ribeirao_do_tempo_novela_record_resumo-150x112.jpg\" alt=\"\" width=\"150\" height=\"112\" class=\"alignleft size-thumbnail wp-image-108265\" srcset=\"https:\/\/migracao.redenoticia.com.br\/noticia\/imagens\/ribeirao_do_tempo_novela_record_resumo-150x112.jpg 150w, https:\/\/migracao.redenoticia.com.br\/noticia\/imagens\/ribeirao_do_tempo_novela_record_resumo-265x198.jpg 265w\" sizes=\"auto, (max-width: 150px) 100vw, 150px\" \/><strong><em>Novela \u201cRibeir\u00e3o do Tempo\u201d resumo 06\/07<\/em><\/strong>: no capitulo 088 (*) da novela \u201cRibeir\u00e3o do Tempo\u201d, quinta-feira, 06 de julho, Filomena convida Tito para jantar com ela, mas ele recusa, gentilmente. Karina diz a Nicolau que quer destruir Tito e Filomena. O senador fica interessado e os dois beijam-se, violentamente. Filomena fala para Arminda que quer que todos os preparativos para o casamento sejam feitos em Ribeir\u00e3o para dar oportunidade para o povo da cidade. Flores escreve o manifesto do Comando Invis\u00edvel. L\u00e9ia fala para Sancha que est\u00e1 preocupada com Joca, pois ele n\u00e3o voltou para casa. <\/p>\n<p>Ari conta a Ajuricaba que o trataram como um pr\u00edncipe no novo partido. Bruno diz a Nicolau que Quer\u00eancio s\u00f3 vai participar da conven\u00e7\u00e3o se a mesma acontecer na boate. C\u00e9lia sugere a Nicolau e a Bruno que eles aceitem a proposta de Quer\u00eancio e fa\u00e7am uma campanha com a cara do pintor. L\u00e9ia pergunta a Filomena se ela sabe onde Joca est\u00e1. L\u00e9ia se cansa de esperar Arminda receb\u00ea-la e vai embora. L\u00e9ia pede ajuda a Flores para encontrar Joca. O professor abra\u00e7a L\u00e9ia, protetor.<\/p>\n<p>Arminda liga para Joca, mas n\u00e3o consegue falar. Flores aconselha L\u00e9ia a procurar a pol\u00edcia como se n\u00e3o soubesse de nada. Quer\u00eancio conta para Sancha e Romeu que a conven\u00e7\u00e3o ser\u00e1 na boate. Beatriz reclama com Nicolau por saber que a conven\u00e7\u00e3o vai ser na boate e ele deixa escapar suas pretens\u00f5es de ser presidente do Brasil. Larissa e Beatriz se espantam com o tom de Nicolau. Flores finaliza seu manifesto e o l\u00ea para Sereno, que fica entusiasmado. L\u00e9ia finalmente consegue falar com Arminda e conta que Joca sumiu. <\/p>\n<p>(*) edi\u00e7\u00e3o da Rede Record, Novela \u201cRibeir\u00e3o do Tempo\u201d, sujeito a altera\u00e7\u00e3o de data e conte\u00fado.<\/p>\n","protected":false},"excerpt":{"rendered":"<p>Novela \u201cRibeir\u00e3o do Tempo\u201d resumo 06\/07: no capitulo 088 (*) da novela \u201cRibeir\u00e3o do Tempo\u201d, quinta-feira, 06 de julho, Filomena convida Tito para jantar com ela, mas ele recusa, gentilmente. Karina diz a Nicolau que quer destruir Tito e Filomena. O senador fica interessado e os dois beijam-se, violentamente. Filomena fala para Arminda que quer [&hellip;]<\/p>\n","protected":false},"author":2,"featured_media":108265,"comment_status":"open","ping_status":"closed","sticky":false,"template":"","format":"standard","meta":{"tdm_status":"","tdm_grid_status":"","footnotes":""},"categories":[379,371,343],"tags":[441],"class_list":{"0":"post-116435","1":"post","2":"type-post","3":"status-publish","4":"format-standard","5":"has-post-thumbnail","7":"category-novelas","8":"category-rede-record","9":"category-televisao","10":"tag-resumo-do-dia"},"_links":{"self":[{"href":"https:\/\/migracao.redenoticia.com.br\/noticia\/wp-json\/wp\/v2\/posts\/116435","targetHints":{"allow":["GET"]}}],"collection":[{"href":"https:\/\/migracao.redenoticia.com.br\/noticia\/wp-json\/wp\/v2\/posts"}],"about":[{"href":"https:\/\/migracao.redenoticia.com.br\/noticia\/wp-json\/wp\/v2\/types\/post"}],"author":[{"embeddable":true,"href":"https:\/\/migracao.redenoticia.com.br\/noticia\/wp-json\/wp\/v2\/users\/2"}],"replies":[{"embeddable":true,"href":"https:\/\/migracao.redenoticia.com.br\/noticia\/wp-json\/wp\/v2\/comments?post=116435"}],"version-history":[{"count":0,"href":"https:\/\/migracao.redenoticia.com.br\/noticia\/wp-json\/wp\/v2\/posts\/116435\/revisions"}],"wp:featuredmedia":[{"embeddable":true,"href":"https:\/\/migracao.redenoticia.com.br\/noticia\/wp-json\/wp\/v2\/media\/108265"}],"wp:attachment":[{"href":"https:\/\/migracao.redenoticia.com.br\/noticia\/wp-json\/wp\/v2\/media?parent=116435"}],"wp:term":[{"taxonomy":"category","embeddable":true,"href":"https:\/\/migracao.redenoticia.com.br\/noticia\/wp-json\/wp\/v2\/categories?post=116435"},{"taxonomy":"post_tag","embeddable":true,"href":"https:\/\/migracao.redenoticia.com.br\/noticia\/wp-json\/wp\/v2\/tags?post=116435"}],"curies":[{"name":"wp","href":"https:\/\/api.w.org\/{rel}","templated":true}]}}