{"id":116440,"date":"2017-07-04T16:31:49","date_gmt":"2017-07-04T19:31:49","guid":{"rendered":"https:\/\/www.redenoticia.com.br\/noticia\/?p=116440"},"modified":"2017-07-04T16:11:00","modified_gmt":"2017-07-04T19:11:00","slug":"resumo-novela-o-que-a-vida-me-roubou-0507-jose-luis-da-um-cheque-a-graziela","status":"publish","type":"post","link":"https:\/\/migracao.redenoticia.com.br\/noticia\/2017\/resumo-novela-o-que-a-vida-me-roubou-0507-jose-luis-da-um-cheque-a-graziela\/116440","title":{"rendered":"Resumo novela \u201cO Que A Vida Me Roubou\u201d 05\/07: Jos\u00e9 Lu\u00eds d\u00e1 um cheque a Graziela"},"content":{"rendered":"<p><img loading=\"lazy\" decoding=\"async\" src=\"https:\/\/migracao.redenoticia.com.br\/noticia\/imagens\/o-que-a-vida-me-roubou-novela-resumo-sbt-150x112.jpg\" alt=\"\" width=\"150\" height=\"112\" class=\"alignleft size-thumbnail wp-image-105656\" srcset=\"https:\/\/migracao.redenoticia.com.br\/noticia\/imagens\/o-que-a-vida-me-roubou-novela-resumo-sbt-150x112.jpg 150w, https:\/\/migracao.redenoticia.com.br\/noticia\/imagens\/o-que-a-vida-me-roubou-novela-resumo-sbt-265x198.jpg 265w\" sizes=\"auto, (max-width: 150px) 100vw, 150px\" \/><strong><em>Resumo novela \u201cO Que A Vida Me Roubou\u201d 05\/07<\/em><\/strong>: no cap\u00edtulo 113(*) da novela \u201cO Que A Vida Me Roubou\u201d, resumo de quarta-feira, 05 de julho, Montserrat visita Josefina que se mostrou arrependida e explicou que n\u00e3o sabia o que se passava em \u00c1gua Azul at\u00e9 encontrar N\u00e1dia em Buenos Aires. Montserrat diz a Alessandro que deve aceitar a proposta de Maria para recuperar tudo o que lhe tiraram. Jos\u00e9 Lu\u00eds d\u00e1 um cheque a Graziela e diz-lhe que Montserrat j\u00e1 sabe a verdade sobre Alessandro e que precisa da ajuda dela para recuperar Montserrat. Am\u00e9lia confessa a N\u00e1dia que se casou com Pedro para conseguir descobrir provas que o enviassem para a pris\u00e3o. Am\u00e9lia quer ajudar N\u00e1dia e Victor a escaparem. Fabiola pede ajuda a Graziela para encontrar a sua m\u00e3e. Graziela diz a Sandro que precisa de recuperar o verdadeiro testamento porque Alessandro est\u00e1 em \u00c1gua Azul. Sandro tenta seduzir Graciela, mas ela diz-lhe que s\u00f3 voltam a estar juntos depois de ter o testamento.<\/p>\n<p>(*) edi\u00e7\u00e3o do SBT, Novela \u201cO Que A Vida Me Roubou\u201d, sujeito a altera\u00e7\u00e3o de data e conte\u00fado.<\/p>\n<p>Lo que la vida me rob\u00f3 (no Brasil, O Que a Vida Me Roubou) \u00e9 uma telenovela mexicana produzida por Angelli Nesma Medina para Televisa e exibida pelo Canal de las Estrellas entre 28 de outubro de 2013 e 27 de julho de 2014 em 196 cap\u00edtulos, substituindo La tempestad e sendo substitu\u00edda por Hasta el fin del mundo. A original \u00e9 de Caridad Bravo Adams, sendo esta um remake modernizado das novelas Bodas de odio e Amor real, produzidas em 1983 e 2003, respectivamente. Tem Angelique Boyer, Sebasti\u00e1n Rulli, Luis Roberto Guzm\u00e1n, Daniela Castro, Grettell Vald\u00e9z, Sergio Sendel e Lisset nos papeis principais.<\/p>\n","protected":false},"excerpt":{"rendered":"<p>Resumo novela \u201cO Que A Vida Me Roubou\u201d 05\/07: no cap\u00edtulo 113(*) da novela \u201cO Que A Vida Me Roubou\u201d, resumo de quarta-feira, 05 de julho, Montserrat visita Josefina que se mostrou arrependida e explicou que n\u00e3o sabia o que se passava em \u00c1gua Azul at\u00e9 encontrar N\u00e1dia em Buenos Aires. Montserrat diz a Alessandro [&hellip;]<\/p>\n","protected":false},"author":4,"featured_media":105656,"comment_status":"open","ping_status":"closed","sticky":false,"template":"","format":"standard","meta":{"tdm_status":"","tdm_grid_status":"","footnotes":""},"categories":[379,372,343],"tags":[441],"class_list":{"0":"post-116440","1":"post","2":"type-post","3":"status-publish","4":"format-standard","5":"has-post-thumbnail","7":"category-novelas","8":"category-sbt","9":"category-televisao","10":"tag-resumo-do-dia"},"_links":{"self":[{"href":"https:\/\/migracao.redenoticia.com.br\/noticia\/wp-json\/wp\/v2\/posts\/116440","targetHints":{"allow":["GET"]}}],"collection":[{"href":"https:\/\/migracao.redenoticia.com.br\/noticia\/wp-json\/wp\/v2\/posts"}],"about":[{"href":"https:\/\/migracao.redenoticia.com.br\/noticia\/wp-json\/wp\/v2\/types\/post"}],"author":[{"embeddable":true,"href":"https:\/\/migracao.redenoticia.com.br\/noticia\/wp-json\/wp\/v2\/users\/4"}],"replies":[{"embeddable":true,"href":"https:\/\/migracao.redenoticia.com.br\/noticia\/wp-json\/wp\/v2\/comments?post=116440"}],"version-history":[{"count":0,"href":"https:\/\/migracao.redenoticia.com.br\/noticia\/wp-json\/wp\/v2\/posts\/116440\/revisions"}],"wp:featuredmedia":[{"embeddable":true,"href":"https:\/\/migracao.redenoticia.com.br\/noticia\/wp-json\/wp\/v2\/media\/105656"}],"wp:attachment":[{"href":"https:\/\/migracao.redenoticia.com.br\/noticia\/wp-json\/wp\/v2\/media?parent=116440"}],"wp:term":[{"taxonomy":"category","embeddable":true,"href":"https:\/\/migracao.redenoticia.com.br\/noticia\/wp-json\/wp\/v2\/categories?post=116440"},{"taxonomy":"post_tag","embeddable":true,"href":"https:\/\/migracao.redenoticia.com.br\/noticia\/wp-json\/wp\/v2\/tags?post=116440"}],"curies":[{"name":"wp","href":"https:\/\/api.w.org\/{rel}","templated":true}]}}