{"id":116444,"date":"2017-07-05T16:42:44","date_gmt":"2017-07-05T19:42:44","guid":{"rendered":"https:\/\/www.redenoticia.com.br\/noticia\/?p=116444"},"modified":"2017-07-04T16:13:39","modified_gmt":"2017-07-04T19:13:39","slug":"novela-a-escrava-isaura-resumo-0607-alvaro-investiga-o-assassinato-de-leoncio","status":"publish","type":"post","link":"https:\/\/migracao.redenoticia.com.br\/noticia\/2017\/novela-a-escrava-isaura-resumo-0607-alvaro-investiga-o-assassinato-de-leoncio\/116444","title":{"rendered":"Novela \u201cA Escrava Isaura\u201d resumo 06\/07: \u00c1lvaro investiga o assassinato de Le\u00f4ncio"},"content":{"rendered":"<p> <img loading=\"lazy\" decoding=\"async\" class=\"alignleft size-thumbnail wp-image-103446\" src=\"https:\/\/migracao.redenoticia.com.br\/noticia\/imagens\/a_escrava_isaura_record_novela_resumo-150x112.jpg\" alt=\"\" width=\"150\" height=\"112\" srcset=\"https:\/\/migracao.redenoticia.com.br\/noticia\/imagens\/a_escrava_isaura_record_novela_resumo-150x112.jpg 150w, https:\/\/migracao.redenoticia.com.br\/noticia\/imagens\/a_escrava_isaura_record_novela_resumo-265x198.jpg 265w\" sizes=\"auto, (max-width: 150px) 100vw, 150px\" \/><strong><em>Novela \u201cA Escrava Isaura\u201d resumo 06\/07<\/em><\/strong>: no capitulo 129 (*) da novela \u201cA Escrava Isaura\u201d, quinta-feira, 06 de julho, \u00c1lvaro decide investigar o assassinato de Le\u00f4ncio. Tom\u00e1sia e Miguel tamb\u00e9m tentam investigar, para salvar Isaura. \u00c1lvaro desconfia de Geraldo e Malvina. Isaura tem pesadelos com Le\u00f4ncio. Aurora cobi\u00e7a Henrique. Bernardo e Moleca chegam ao quilombo. Rosa continua desconfianda de Belchior. Francisco amea\u00e7a Belchior. Gabriel comemora os seus movimentos com as pernas. Sebasti\u00e3o vai a casa de Gioconda acertar os detalhes do seu casamento. Geraldo avisa Helena que o seu julgamento foi marcado. Andr\u00e9 aponta uma arma a Francisco e expulsa-o da fazenda. Gioconda avisa Sebasti\u00e3o de que ele \u00e9 suspeito. \u00c1lvaro presta depoimento e visita Isaura.<\/p>\n<p>(*) edi\u00e7\u00e3o da Rede Record, Novela \u201cA Escrava Isaura\u201d, sujeito a altera\u00e7\u00e3o de data e conte\u00fado.<\/p>\n<p>A Escrava Isaura \u00e9 uma telenovela brasileira produzida pela Rede Record de Televis\u00e3o e exibida entre 18 de outubro de 2004 e 29 de abril de 2005, totalizando 167 cap\u00edtulos, 27 a mais que o originalmente previsto. Escrita por Tiago Santiago, Anamaria Nunes com colabora\u00e7\u00e3o de Altenir Silva e dirigida por Herval Rossano, F\u00e1bio Junqueira, Em\u00edlio Di Biasi e Fl\u00e1vio Colatrello Jr., \u00e9 inspirada no romance hom\u00f4nimo de 1875, escrito por Bernardo Guimar\u00e3es. A obra foi um sucesso logo ap\u00f3s ser publicada, em parte pelo apelo feminino em raz\u00e3o do sentimentalismo do enredo. O livro toca em pontos abolicionistas, que eram controversos na \u00e9poca e \u00e9 considerado um marco na literatura abolicionista brasileira.<\/p>\n","protected":false},"excerpt":{"rendered":"<p>Novela \u201cA Escrava Isaura\u201d resumo 06\/07: no capitulo 129 (*) da novela \u201cA Escrava Isaura\u201d, quinta-feira, 06 de julho, \u00c1lvaro decide investigar o assassinato de Le\u00f4ncio. Tom\u00e1sia e Miguel tamb\u00e9m tentam investigar, para salvar Isaura. \u00c1lvaro desconfia de Geraldo e Malvina. Isaura tem pesadelos com Le\u00f4ncio. Aurora cobi\u00e7a Henrique. Bernardo e Moleca chegam ao quilombo. [&hellip;]<\/p>\n","protected":false},"author":2,"featured_media":103446,"comment_status":"open","ping_status":"closed","sticky":false,"template":"","format":"standard","meta":{"tdm_status":"","tdm_grid_status":"","footnotes":""},"categories":[379,371,343],"tags":[441],"class_list":{"0":"post-116444","1":"post","2":"type-post","3":"status-publish","4":"format-standard","5":"has-post-thumbnail","7":"category-novelas","8":"category-rede-record","9":"category-televisao","10":"tag-resumo-do-dia"},"_links":{"self":[{"href":"https:\/\/migracao.redenoticia.com.br\/noticia\/wp-json\/wp\/v2\/posts\/116444","targetHints":{"allow":["GET"]}}],"collection":[{"href":"https:\/\/migracao.redenoticia.com.br\/noticia\/wp-json\/wp\/v2\/posts"}],"about":[{"href":"https:\/\/migracao.redenoticia.com.br\/noticia\/wp-json\/wp\/v2\/types\/post"}],"author":[{"embeddable":true,"href":"https:\/\/migracao.redenoticia.com.br\/noticia\/wp-json\/wp\/v2\/users\/2"}],"replies":[{"embeddable":true,"href":"https:\/\/migracao.redenoticia.com.br\/noticia\/wp-json\/wp\/v2\/comments?post=116444"}],"version-history":[{"count":0,"href":"https:\/\/migracao.redenoticia.com.br\/noticia\/wp-json\/wp\/v2\/posts\/116444\/revisions"}],"wp:featuredmedia":[{"embeddable":true,"href":"https:\/\/migracao.redenoticia.com.br\/noticia\/wp-json\/wp\/v2\/media\/103446"}],"wp:attachment":[{"href":"https:\/\/migracao.redenoticia.com.br\/noticia\/wp-json\/wp\/v2\/media?parent=116444"}],"wp:term":[{"taxonomy":"category","embeddable":true,"href":"https:\/\/migracao.redenoticia.com.br\/noticia\/wp-json\/wp\/v2\/categories?post=116444"},{"taxonomy":"post_tag","embeddable":true,"href":"https:\/\/migracao.redenoticia.com.br\/noticia\/wp-json\/wp\/v2\/tags?post=116444"}],"curies":[{"name":"wp","href":"https:\/\/api.w.org\/{rel}","templated":true}]}}