{"id":116454,"date":"2017-07-05T16:44:54","date_gmt":"2017-07-05T19:44:54","guid":{"rendered":"https:\/\/www.redenoticia.com.br\/noticia\/?p=116454"},"modified":"2017-07-06T22:00:02","modified_gmt":"2017-07-07T01:00:02","slug":"novela-o-rico-e-lazaro-resumo-0607-irom-e-yasha-se-despedem-do-rei","status":"publish","type":"post","link":"https:\/\/migracao.redenoticia.com.br\/noticia\/2017\/novela-o-rico-e-lazaro-resumo-0607-irom-e-yasha-se-despedem-do-rei\/116454","title":{"rendered":"Novela \u201cO Rico e L\u00e1zaro\u201d resumo 06\/07: Matias apresenta Gadise aos familiares"},"content":{"rendered":"<p> <img loading=\"lazy\" decoding=\"async\" src=\"https:\/\/migracao.redenoticia.com.br\/noticia\/imagens\/o_rico_e_o_lazaro_resumo_novela_record-150x112.jpg\" alt=\"\" width=\"150\" height=\"112\" class=\"alignleft size-thumbnail wp-image-107948\" srcset=\"https:\/\/migracao.redenoticia.com.br\/noticia\/imagens\/o_rico_e_o_lazaro_resumo_novela_record-150x112.jpg 150w, https:\/\/migracao.redenoticia.com.br\/noticia\/imagens\/o_rico_e_o_lazaro_resumo_novela_record-265x198.jpg 265w\" sizes=\"auto, (max-width: 150px) 100vw, 150px\" \/><strong><em>Novela \u201cO Rico e L\u00e1zaro\u201d resumo 06\/07<\/em><\/strong>: no capitulo 084(*) da novela \u201cO Rico e L\u00e1zaro\u201d, quinta-feira, 06 de julho, Nit\u00f3cris amea\u00e7a Sammu-Ramat. Os s\u00e1bios hebreus lamentam a presen\u00e7a de Nabonido. Joaquim avisa que n\u00e3o se casar\u00e1 com Yasha e pede apoio a Evil-Merodaque e Shamiran. Lia se apresenta \u00e0 Amitis. Abednego visita Naomi. Daniel agradece a ajuda de Deus. <\/p>\n<p>Em conversa com um feitor do Campo de Dura, Asher prova que \u00e9 bom de arco-e-flecha. Ezequiel parabeniza a f\u00e9 de Joana. Zac visita sua noiva e lhe presenteia com uma joia. Matias apresenta Gadise aos familiares. Rabe-S\u00e1ris se despede de Nebuzarad\u00e3 e segue para a Casa da Lua. <\/p>\n<p>Nabucodonosor anuncia a partida para o Campo de Dura. Yasha aproveita a ocasi\u00e3o e avisa que n\u00e3o se casar\u00e1 com Joaquim. Neusta desmaia com a not\u00edcia.<\/p>\n<p>(*) edi\u00e7\u00e3o da Rede Record, Novela \u201cO Rico e L\u00e1zaro\u201d, sujeito a altera\u00e7\u00e3o de data e conte\u00fado.<\/p>\n","protected":false},"excerpt":{"rendered":"<p>Novela \u201cO Rico e L\u00e1zaro\u201d resumo 06\/07: no capitulo 084(*) da novela \u201cO Rico e L\u00e1zaro\u201d, quinta-feira, 06 de julho, Nit\u00f3cris amea\u00e7a Sammu-Ramat. Os s\u00e1bios hebreus lamentam a presen\u00e7a de Nabonido. Joaquim avisa que n\u00e3o se casar\u00e1 com Yasha e pede apoio a Evil-Merodaque e Shamiran. Lia se apresenta \u00e0 Amitis. Abednego visita Naomi. Daniel [&hellip;]<\/p>\n","protected":false},"author":2,"featured_media":107948,"comment_status":"open","ping_status":"closed","sticky":false,"template":"","format":"standard","meta":{"tdm_status":"","tdm_grid_status":"","footnotes":""},"categories":[379,371,343],"tags":[441],"class_list":{"0":"post-116454","1":"post","2":"type-post","3":"status-publish","4":"format-standard","5":"has-post-thumbnail","7":"category-novelas","8":"category-rede-record","9":"category-televisao","10":"tag-resumo-do-dia"},"_links":{"self":[{"href":"https:\/\/migracao.redenoticia.com.br\/noticia\/wp-json\/wp\/v2\/posts\/116454","targetHints":{"allow":["GET"]}}],"collection":[{"href":"https:\/\/migracao.redenoticia.com.br\/noticia\/wp-json\/wp\/v2\/posts"}],"about":[{"href":"https:\/\/migracao.redenoticia.com.br\/noticia\/wp-json\/wp\/v2\/types\/post"}],"author":[{"embeddable":true,"href":"https:\/\/migracao.redenoticia.com.br\/noticia\/wp-json\/wp\/v2\/users\/2"}],"replies":[{"embeddable":true,"href":"https:\/\/migracao.redenoticia.com.br\/noticia\/wp-json\/wp\/v2\/comments?post=116454"}],"version-history":[{"count":0,"href":"https:\/\/migracao.redenoticia.com.br\/noticia\/wp-json\/wp\/v2\/posts\/116454\/revisions"}],"wp:featuredmedia":[{"embeddable":true,"href":"https:\/\/migracao.redenoticia.com.br\/noticia\/wp-json\/wp\/v2\/media\/107948"}],"wp:attachment":[{"href":"https:\/\/migracao.redenoticia.com.br\/noticia\/wp-json\/wp\/v2\/media?parent=116454"}],"wp:term":[{"taxonomy":"category","embeddable":true,"href":"https:\/\/migracao.redenoticia.com.br\/noticia\/wp-json\/wp\/v2\/categories?post=116454"},{"taxonomy":"post_tag","embeddable":true,"href":"https:\/\/migracao.redenoticia.com.br\/noticia\/wp-json\/wp\/v2\/tags?post=116454"}],"curies":[{"name":"wp","href":"https:\/\/api.w.org\/{rel}","templated":true}]}}