{"id":116477,"date":"2017-07-06T00:04:25","date_gmt":"2017-07-06T03:04:25","guid":{"rendered":"https:\/\/www.redenoticia.com.br\/noticia\/?p=116477"},"modified":"2017-07-05T14:18:47","modified_gmt":"2017-07-05T17:18:47","slug":"sao-paulo-sediara-congresso-mundial-de-quimica","status":"publish","type":"post","link":"https:\/\/migracao.redenoticia.com.br\/noticia\/2017\/sao-paulo-sediara-congresso-mundial-de-quimica\/116477","title":{"rendered":"S\u00e3o Paulo sediar\u00e1 Congresso Mundial de Qu\u00edmica"},"content":{"rendered":"<p> Ag\u00eancia FAPESP \u2013 O Brasil ser\u00e1 sede do 46\u00ba <strong><em>Congresso Mundial de Qu\u00edmica<\/em><\/strong> (IUPAC \u2013 2017) e da 49\u00aa Assembleia Geral da IUPAC entre os dias 9 e 14 de julho. Participar\u00e3o do encontro delegados oficiais de 43 pa\u00edses, num total de cerca de 3 mil participantes, entre eles tr\u00eas Pr\u00eamios Nobel. Realizados pela primeira vez no continente sul-americano, os dois eventos ocorrer\u00e3o no WTC Sheraton, em S\u00e3o Paulo. Simultaneamente estar\u00e1 acontecendo o congresso da Sociedade Brasileira de Qu\u00edmica (SBQ), que completa 40 anos.<\/p>\n<p>\u201cPela primeira vez na Am\u00e9rica do Sul poderemos aproximar todo um continente de qu\u00edmicos da comunidade global da IUPAC [sigla em ingl\u00eas da Uni\u00e3o Internacional de Qu\u00edmica Pura e Aplicada]\u201d, afirmou Adriano D. Andricopulo, presidente do Comit\u00ea Organizador da IUPAC 2017 e ex-presidente da SBQ.<\/p>\n<p>O Congresso Mundial, que ter\u00e1 como tema \u201cSustentabilidade e Diversidade atrav\u00e9s da Qu\u00edmica\u201d, est\u00e1 organizado em sess\u00f5es cient\u00edficas, palestras plen\u00e1rias, sess\u00f5es paralelas, apresenta\u00e7\u00f5es de p\u00f4steres e oficinas de jovens cientistas, em torno de 12 temas principais: Qu\u00edmica Anal\u00edtica e Alimentos, Qu\u00edmica, Qu\u00edmica para Inova\u00e7\u00e3o da Ind\u00fastria, S\u00edntese Qu\u00edmica, Energia, Ci\u00eancias da \u00c1gua e do Ambiente, Qu\u00edmica Verde e Biotecnologia, Qu\u00edmica Inorg\u00e2nica e Estrutural, Macromol\u00e9culas e Materiais, Qu\u00edmica Medicinal e Biologia Qu\u00edmica, Nanoci\u00eancia e Tecnologia, Produtos Naturais e Biodiversidade e Qu\u00edmica F\u00edsica, Biof\u00edsica e Computacional.<\/p>\n<p>Participar\u00e3o do encontro Sir J. Fraser Sotddart, da Northwestern University, nos Estados Unidos, Pr\u00eamio Nobel em 2016; Ada E. Yonath, do Weizmann Institute of Science de Israel, Pr\u00eamio Nobel em 2009; Robert Huber, do Max Planck Institute of Biochemistry, na Alemanha, Pr\u00eamio Nobel em 1988; Clare Grey, da University of Cambridge, no Reino Unido; David MacMillan, da Princeton University, nos Estados Unidos; Mei-Hung Chiu, da National Taiwan Normal University, de Tawain, entre outros.<\/p>\n<p>Est\u00e1 programado um painel sobre o \u201cFuturo das Ci\u00eancias Qu\u00edmicas\u201d, que reunir\u00e1 representantes de cinco sociedades (China, Estados Unidos, Alemanha, Gr\u00e3-Bretanha e Brasil), al\u00e9m de representantes da Associa\u00e7\u00e3o Brasileira da Ind\u00fastria Qu\u00edmica, o presidente e o secret\u00e1rio-geral da IUPAC.<\/p>\n<p>Para mais informa\u00e7\u00f5es e inscri\u00e7\u00f5es acesse .<\/p>\n","protected":false},"excerpt":{"rendered":"<p>Ag\u00eancia FAPESP \u2013 O Brasil ser\u00e1 sede do 46\u00ba Congresso Mundial de Qu\u00edmica (IUPAC \u2013 2017) e da 49\u00aa Assembleia Geral da IUPAC entre os dias 9 e 14 de julho. Participar\u00e3o do encontro delegados oficiais de 43 pa\u00edses, num total de cerca de 3 mil participantes, entre eles tr\u00eas Pr\u00eamios Nobel. Realizados pela primeira [&hellip;]<\/p>\n","protected":false},"author":2,"featured_media":28951,"comment_status":"open","ping_status":"closed","sticky":false,"template":"","format":"standard","meta":{"tdm_status":"","tdm_grid_status":"","footnotes":""},"categories":[22,351,370],"tags":[],"class_list":{"0":"post-116477","1":"post","2":"type-post","3":"status-publish","4":"format-standard","5":"has-post-thumbnail","7":"category-brasil","8":"category-cursos","9":"category-inscricao"},"_links":{"self":[{"href":"https:\/\/migracao.redenoticia.com.br\/noticia\/wp-json\/wp\/v2\/posts\/116477","targetHints":{"allow":["GET"]}}],"collection":[{"href":"https:\/\/migracao.redenoticia.com.br\/noticia\/wp-json\/wp\/v2\/posts"}],"about":[{"href":"https:\/\/migracao.redenoticia.com.br\/noticia\/wp-json\/wp\/v2\/types\/post"}],"author":[{"embeddable":true,"href":"https:\/\/migracao.redenoticia.com.br\/noticia\/wp-json\/wp\/v2\/users\/2"}],"replies":[{"embeddable":true,"href":"https:\/\/migracao.redenoticia.com.br\/noticia\/wp-json\/wp\/v2\/comments?post=116477"}],"version-history":[{"count":0,"href":"https:\/\/migracao.redenoticia.com.br\/noticia\/wp-json\/wp\/v2\/posts\/116477\/revisions"}],"wp:featuredmedia":[{"embeddable":true,"href":"https:\/\/migracao.redenoticia.com.br\/noticia\/wp-json\/wp\/v2\/media\/28951"}],"wp:attachment":[{"href":"https:\/\/migracao.redenoticia.com.br\/noticia\/wp-json\/wp\/v2\/media?parent=116477"}],"wp:term":[{"taxonomy":"category","embeddable":true,"href":"https:\/\/migracao.redenoticia.com.br\/noticia\/wp-json\/wp\/v2\/categories?post=116477"},{"taxonomy":"post_tag","embeddable":true,"href":"https:\/\/migracao.redenoticia.com.br\/noticia\/wp-json\/wp\/v2\/tags?post=116477"}],"curies":[{"name":"wp","href":"https:\/\/api.w.org\/{rel}","templated":true}]}}