{"id":116483,"date":"2017-07-06T00:07:39","date_gmt":"2017-07-06T03:07:39","guid":{"rendered":"https:\/\/www.redenoticia.com.br\/noticia\/?p=116483"},"modified":"2017-07-05T14:22:39","modified_gmt":"2017-07-05T17:22:39","slug":"fique-de-olho-nas-datas-da-usp-unesp-e-unicamp","status":"publish","type":"post","link":"https:\/\/migracao.redenoticia.com.br\/noticia\/2017\/fique-de-olho-nas-datas-da-usp-unesp-e-unicamp\/116483","title":{"rendered":"Fique de olho nas datas da USP, Unesp e Unicamp"},"content":{"rendered":"<p> Os estudantes que querem entrar nas\u00a0principais universidades de S\u00e3o Paulo j\u00e1 est\u00e3o em contagem regressiva.\u00a0Falta menos de um m\u00eas para o in\u00edcio das inscri\u00e7\u00f5es para o <strong><em>vestibular<\/em><\/strong> na Unicamp (Universidade Estadual de Campinas), que come\u00e7am no dia 31 de julho e seguem at\u00e9 31 de agosto.<\/p>\n<p>A primeira fase ser\u00e1 realizada no dia 19 de novembro e a segunda fase, nos dias 14, 15 e 16 de janeiro de 2018. Os vestibulandos dever\u00e3o ler 12 obras, entre romances, poesia, pe\u00e7a teatral, contos e serm\u00f5es. A lista pode ser consultada . Para o vestibular 2018, a Unicamp oferece 3.330 vagas distribu\u00eddas em 70 cursos.<\/p>\n<p>Em agosto, mais precisamente no dia 21, come\u00e7am as inscri\u00e7\u00f5es para a Fuvest, vestibular para ingresso na USP (Universidade de S\u00e3o Paulo). Os candidatos t\u00eam at\u00e9 dia 11 de setembro para se inscrever.<\/p>\n<p>A primeira fase ser\u00e1 aplicada no dia 26 de novembro. Ela ter\u00e1 90 quest\u00f5es de m\u00faltipla escolha de Biologia, F\u00edsica, Geografia, Hist\u00f3ria, Ingl\u00eas, Matem\u00e1tica, Portugu\u00eas e Qu\u00edmica. \u00a0J\u00e1 a segunda fase, constitu\u00edda de tr\u00eas provas discursivas, ser\u00e1 aplicada entre 7 e 9 de novembro. Confira  no vestibular.<\/p>\n<p>E no dia 11 de setembro come\u00e7am as inscri\u00e7\u00f5es para a Vunesp, vestibular para ingresso na Unesp (Universidade Estadual Paulista). O prazo final para se inscrever \u00e9 9 de outubro. A primeira fase do vestibular ser\u00e1 no dia 15 de novembro e a segunda fase, nos dias 17 e 18 de dezembro.<\/p>\n<p>Do Portal do Governo SP<\/p>\n","protected":false},"excerpt":{"rendered":"<p>Os estudantes que querem entrar nas\u00a0principais universidades de S\u00e3o Paulo j\u00e1 est\u00e3o em contagem regressiva.\u00a0Falta menos de um m\u00eas para o in\u00edcio das inscri\u00e7\u00f5es para o vestibular na Unicamp (Universidade Estadual de Campinas), que come\u00e7am no dia 31 de julho e seguem at\u00e9 31 de agosto. A primeira fase ser\u00e1 realizada no dia 19 de [&hellip;]<\/p>\n","protected":false},"author":2,"featured_media":36244,"comment_status":"open","ping_status":"closed","sticky":false,"template":"","format":"standard","meta":{"tdm_status":"","tdm_grid_status":"","footnotes":""},"categories":[22,370,295],"tags":[],"class_list":{"0":"post-116483","1":"post","2":"type-post","3":"status-publish","4":"format-standard","5":"has-post-thumbnail","7":"category-brasil","8":"category-inscricao","9":"category-vestibular"},"_links":{"self":[{"href":"https:\/\/migracao.redenoticia.com.br\/noticia\/wp-json\/wp\/v2\/posts\/116483","targetHints":{"allow":["GET"]}}],"collection":[{"href":"https:\/\/migracao.redenoticia.com.br\/noticia\/wp-json\/wp\/v2\/posts"}],"about":[{"href":"https:\/\/migracao.redenoticia.com.br\/noticia\/wp-json\/wp\/v2\/types\/post"}],"author":[{"embeddable":true,"href":"https:\/\/migracao.redenoticia.com.br\/noticia\/wp-json\/wp\/v2\/users\/2"}],"replies":[{"embeddable":true,"href":"https:\/\/migracao.redenoticia.com.br\/noticia\/wp-json\/wp\/v2\/comments?post=116483"}],"version-history":[{"count":0,"href":"https:\/\/migracao.redenoticia.com.br\/noticia\/wp-json\/wp\/v2\/posts\/116483\/revisions"}],"wp:featuredmedia":[{"embeddable":true,"href":"https:\/\/migracao.redenoticia.com.br\/noticia\/wp-json\/wp\/v2\/media\/36244"}],"wp:attachment":[{"href":"https:\/\/migracao.redenoticia.com.br\/noticia\/wp-json\/wp\/v2\/media?parent=116483"}],"wp:term":[{"taxonomy":"category","embeddable":true,"href":"https:\/\/migracao.redenoticia.com.br\/noticia\/wp-json\/wp\/v2\/categories?post=116483"},{"taxonomy":"post_tag","embeddable":true,"href":"https:\/\/migracao.redenoticia.com.br\/noticia\/wp-json\/wp\/v2\/tags?post=116483"}],"curies":[{"name":"wp","href":"https:\/\/api.w.org\/{rel}","templated":true}]}}