{"id":116496,"date":"2017-07-06T16:40:15","date_gmt":"2017-07-06T19:40:15","guid":{"rendered":"https:\/\/www.redenoticia.com.br\/noticia\/?p=116496"},"modified":"2017-07-07T16:01:15","modified_gmt":"2017-07-07T19:01:15","slug":"novela-ribeirao-do-tempo-resumo-0707-marta-e-viriato-encontram-o-carro-de-joca","status":"publish","type":"post","link":"https:\/\/migracao.redenoticia.com.br\/noticia\/2017\/novela-ribeirao-do-tempo-resumo-0707-marta-e-viriato-encontram-o-carro-de-joca\/116496","title":{"rendered":"Novela \u201cRibeir\u00e3o do Tempo\u201d resumo 07\/07: L\u00e9ia procura Lincon"},"content":{"rendered":"<p> <img loading=\"lazy\" decoding=\"async\" src=\"https:\/\/migracao.redenoticia.com.br\/noticia\/imagens\/ribeirao_do_tempo_novela_record_resumo-150x112.jpg\" alt=\"\" width=\"150\" height=\"112\" class=\"alignleft size-thumbnail wp-image-108265\" srcset=\"https:\/\/migracao.redenoticia.com.br\/noticia\/imagens\/ribeirao_do_tempo_novela_record_resumo-150x112.jpg 150w, https:\/\/migracao.redenoticia.com.br\/noticia\/imagens\/ribeirao_do_tempo_novela_record_resumo-265x198.jpg 265w\" sizes=\"auto, (max-width: 150px) 100vw, 150px\" \/><strong><em>Novela \u201cRibeir\u00e3o do Tempo\u201d resumo 07\/07<\/em><\/strong>: no capitulo 089 (*) da novela \u201cRibeir\u00e3o do Tempo\u201d, sexta-feira, 07 de julho, Filomena conta para Tito que Arminda quer financiar a festa de casamento. L\u00e9ia vai \u00e0 delegacia registrar o sumi\u00e7o de Joca. Ajuricaba faz pouco caso, mas diz vai procurar o detetive mesmo assim. Andr\u00e9 e S\u00f4nia est\u00e3o ao telefone quando ele recebe um e-mail com o manifesto do Comando Invis\u00edvel. <\/p>\n<p>Andr\u00e9 pede para S\u00f4nia se encontrar com ele e com S\u00e9rgio. Ellen tamb\u00e9m recebe o e-mail e o l\u00ea para Carmem. Arminda procura Diana para saber se ela tem not\u00edcias de Joca. Diana tamb\u00e9m n\u00e3o sabe de nada. L\u00e9ia procura Lincon. <\/p>\n<p>O jornalista conta para a vi\u00fava que o e-mail do Comando Invis\u00edvel pode ter a ver com o desaparecimento de Joca. Filomena diz para Diana e Arminda que Joca estava investigando o acidente com o avi\u00e3o. Ari e seus correligion\u00e1rios fazem festa na conven\u00e7\u00e3o do novo partido do prefeito. <\/p>\n<p>(*) edi\u00e7\u00e3o da Rede Record, Novela \u201cRibeir\u00e3o do Tempo\u201d, sujeito a altera\u00e7\u00e3o de data e conte\u00fado.<\/p>\n","protected":false},"excerpt":{"rendered":"<p>Novela \u201cRibeir\u00e3o do Tempo\u201d resumo 07\/07: no capitulo 089 (*) da novela \u201cRibeir\u00e3o do Tempo\u201d, sexta-feira, 07 de julho, Filomena conta para Tito que Arminda quer financiar a festa de casamento. L\u00e9ia vai \u00e0 delegacia registrar o sumi\u00e7o de Joca. Ajuricaba faz pouco caso, mas diz vai procurar o detetive mesmo assim. Andr\u00e9 e S\u00f4nia [&hellip;]<\/p>\n","protected":false},"author":2,"featured_media":108265,"comment_status":"open","ping_status":"closed","sticky":false,"template":"","format":"standard","meta":{"tdm_status":"","tdm_grid_status":"","footnotes":""},"categories":[379,371,343],"tags":[441],"class_list":{"0":"post-116496","1":"post","2":"type-post","3":"status-publish","4":"format-standard","5":"has-post-thumbnail","7":"category-novelas","8":"category-rede-record","9":"category-televisao","10":"tag-resumo-do-dia"},"_links":{"self":[{"href":"https:\/\/migracao.redenoticia.com.br\/noticia\/wp-json\/wp\/v2\/posts\/116496","targetHints":{"allow":["GET"]}}],"collection":[{"href":"https:\/\/migracao.redenoticia.com.br\/noticia\/wp-json\/wp\/v2\/posts"}],"about":[{"href":"https:\/\/migracao.redenoticia.com.br\/noticia\/wp-json\/wp\/v2\/types\/post"}],"author":[{"embeddable":true,"href":"https:\/\/migracao.redenoticia.com.br\/noticia\/wp-json\/wp\/v2\/users\/2"}],"replies":[{"embeddable":true,"href":"https:\/\/migracao.redenoticia.com.br\/noticia\/wp-json\/wp\/v2\/comments?post=116496"}],"version-history":[{"count":0,"href":"https:\/\/migracao.redenoticia.com.br\/noticia\/wp-json\/wp\/v2\/posts\/116496\/revisions"}],"wp:featuredmedia":[{"embeddable":true,"href":"https:\/\/migracao.redenoticia.com.br\/noticia\/wp-json\/wp\/v2\/media\/108265"}],"wp:attachment":[{"href":"https:\/\/migracao.redenoticia.com.br\/noticia\/wp-json\/wp\/v2\/media?parent=116496"}],"wp:term":[{"taxonomy":"category","embeddable":true,"href":"https:\/\/migracao.redenoticia.com.br\/noticia\/wp-json\/wp\/v2\/categories?post=116496"},{"taxonomy":"post_tag","embeddable":true,"href":"https:\/\/migracao.redenoticia.com.br\/noticia\/wp-json\/wp\/v2\/tags?post=116496"}],"curies":[{"name":"wp","href":"https:\/\/api.w.org\/{rel}","templated":true}]}}