{"id":116500,"date":"2017-07-06T16:42:25","date_gmt":"2017-07-06T19:42:25","guid":{"rendered":"https:\/\/www.redenoticia.com.br\/noticia\/?p=116500"},"modified":"2017-07-07T20:47:39","modified_gmt":"2017-07-07T23:47:39","slug":"novela-a-escrava-isaura-resumo-0707-tomasia-e-miguel-desconfiam-de-belchior","status":"publish","type":"post","link":"https:\/\/migracao.redenoticia.com.br\/noticia\/2017\/novela-a-escrava-isaura-resumo-0707-tomasia-e-miguel-desconfiam-de-belchior\/116500","title":{"rendered":"Novela \u201cA Escrava Isaura\u201d resumo 07\/07: Sebasti\u00e3o diz que viu Belchior na cabana"},"content":{"rendered":"<p> <img loading=\"lazy\" decoding=\"async\" class=\"alignleft size-thumbnail wp-image-103446\" src=\"https:\/\/migracao.redenoticia.com.br\/noticia\/imagens\/a_escrava_isaura_record_novela_resumo-150x112.jpg\" alt=\"\" width=\"150\" height=\"112\" srcset=\"https:\/\/migracao.redenoticia.com.br\/noticia\/imagens\/a_escrava_isaura_record_novela_resumo-150x112.jpg 150w, https:\/\/migracao.redenoticia.com.br\/noticia\/imagens\/a_escrava_isaura_record_novela_resumo-265x198.jpg 265w\" sizes=\"auto, (max-width: 150px) 100vw, 150px\" \/><strong><em>Novela \u201cA Escrava Isaura\u201d resumo 07\/07<\/em><\/strong>: no capitulo 130 (*) da novela \u201cA Escrava Isaura\u201d, sexta-feira, 07 de julho, \u00c1lvaro tenta fazer Isaura lembrar-se de alguma coisa referente \u00e0 morte de Le\u00f4ncio. O Sargento diz que Tom\u00e1sia \u00e9 uma forte suspeita. Malvina lamenta a morte de Le\u00f4ncio. Para mudar de assunto, Henrique conta a Malvina que Aurora aceitou o seu pedido de casamento. Miguel fica indignado com a acusa\u00e7\u00e3o do Sargento. \u00c1lvaro desfaz a id\u00e9ia de que Andr\u00e9 seja o assassino, pois ele esteve ao seu lado todo o tempo. Cel. Sebasti\u00e3o vai depor na Delegacia. Gioconda olha as m\u00e3os de Perp\u00e9tua e Gabriel entrela\u00e7adas. Fica surpresa e sai da sala. Moleca decide criar Bas\u00edlio como seu filho. Bernardo concorda e promete-lhe encontrar a sua m\u00e3e que um dia foi levada do quilombo. Tom\u00e1sia pressiona Belchior para que ele conte tudo sobre o que viu no dia da morte de Le\u00f4ncio. Andr\u00e9 sai para falar com o Sargento. <\/p>\n<p>Cel. Sebasti\u00e3o diz ao Sargento que ouviu gritos e logo depois viu Belchior sair a correr em dire\u00e7\u00e3o \u00e0 mata. O Sargento acredita que o Coronel esconde ainda algo sobre os acontecimentos. Tom\u00e1sia e Miguel desconfiam de Belchior. Rosa e Andr\u00e9 tamb\u00e9m. Ap\u00f3s o seu depoimento, o Cel. Sebasti\u00e3o tenta acalmar Helena para o julgamento. Malvina \u00e9 interrogada e diz que tem um \u00e1libe: Geraldo. Conta que o rapaz esteve ao seu lado todo o tempo. Malvina dep\u00f5e e logo depois sai para ver Helena. Henrique come\u00e7a a depor. O Sargento diz-lhe que tamb\u00e9m \u00e9 um suspeito, visto que tamb\u00e9m desejava a morte do senhor Le\u00f4ncio. Malvina acusa Isaura alegando que quando uma mulher perde a cabe\u00e7a \u00e9 capaz de fazer qualquer coisa. E alerta-a que se uma delas tiver de ser condenada que seja Isaura e n\u00e3o ela.<\/p>\n<p>Isaura lamenta com Malvina que provavelmente ela ser\u00e1 a condenada, mesmo sendo inocente. Flor-de-Lis aparece na delegacia para ver o Sargento. Ao ver Henrique, pede ao seu amado que o prenda. Malvina acalma-se e pede desculpas a Isaura, dizendo-lhe que ela realmente n\u00e3o \u00e9 culpada. Tom\u00e1sia e Miguel v\u00e3o ao local do crime tentar descobrir alguma pista. \u00c1lvaro suspeita que Malvina seja a culpada. Bernardo decide levar os quilombolas para o garimpo como forma de assegurar o seu terreno de trabalho e renda. Jo\u00e3o e Joaquina pressionam Belchior que se irrita. Jo\u00e3o come\u00e7a a suspeitar dele. Andr\u00e9 e Rosa s\u00e3o interrogados pelo comandante Santana. Rosa contradiz-se diante do Sargento e do Comandante.<\/p>\n<p>(*) edi\u00e7\u00e3o da Rede Record, Novela \u201cA Escrava Isaura\u201d, sujeito a altera\u00e7\u00e3o de data e conte\u00fado.<\/p>\n<p>A Escrava Isaura \u00e9 uma telenovela brasileira produzida pela Rede Record de Televis\u00e3o e exibida entre 18 de outubro de 2004 e 29 de abril de 2005, totalizando 167 cap\u00edtulos, 27 a mais que o originalmente previsto. Escrita por Tiago Santiago, Anamaria Nunes com colabora\u00e7\u00e3o de Altenir Silva e dirigida por Herval Rossano, F\u00e1bio Junqueira, Em\u00edlio Di Biasi e Fl\u00e1vio Colatrello Jr., \u00e9 inspirada no romance hom\u00f4nimo de 1875, escrito por Bernardo Guimar\u00e3es. A obra foi um sucesso logo ap\u00f3s ser publicada, em parte pelo apelo feminino em raz\u00e3o do sentimentalismo do enredo. O livro toca em pontos abolicionistas, que eram controversos na \u00e9poca e \u00e9 considerado um marco na literatura abolicionista brasileira.<\/p>\n","protected":false},"excerpt":{"rendered":"<p>Novela \u201cA Escrava Isaura\u201d resumo 07\/07: no capitulo 130 (*) da novela \u201cA Escrava Isaura\u201d, sexta-feira, 07 de julho, \u00c1lvaro tenta fazer Isaura lembrar-se de alguma coisa referente \u00e0 morte de Le\u00f4ncio. O Sargento diz que Tom\u00e1sia \u00e9 uma forte suspeita. Malvina lamenta a morte de Le\u00f4ncio. Para mudar de assunto, Henrique conta a Malvina [&hellip;]<\/p>\n","protected":false},"author":2,"featured_media":103446,"comment_status":"open","ping_status":"closed","sticky":false,"template":"","format":"standard","meta":{"tdm_status":"","tdm_grid_status":"","footnotes":""},"categories":[379,371,343],"tags":[441],"class_list":{"0":"post-116500","1":"post","2":"type-post","3":"status-publish","4":"format-standard","5":"has-post-thumbnail","7":"category-novelas","8":"category-rede-record","9":"category-televisao","10":"tag-resumo-do-dia"},"_links":{"self":[{"href":"https:\/\/migracao.redenoticia.com.br\/noticia\/wp-json\/wp\/v2\/posts\/116500","targetHints":{"allow":["GET"]}}],"collection":[{"href":"https:\/\/migracao.redenoticia.com.br\/noticia\/wp-json\/wp\/v2\/posts"}],"about":[{"href":"https:\/\/migracao.redenoticia.com.br\/noticia\/wp-json\/wp\/v2\/types\/post"}],"author":[{"embeddable":true,"href":"https:\/\/migracao.redenoticia.com.br\/noticia\/wp-json\/wp\/v2\/users\/2"}],"replies":[{"embeddable":true,"href":"https:\/\/migracao.redenoticia.com.br\/noticia\/wp-json\/wp\/v2\/comments?post=116500"}],"version-history":[{"count":0,"href":"https:\/\/migracao.redenoticia.com.br\/noticia\/wp-json\/wp\/v2\/posts\/116500\/revisions"}],"wp:featuredmedia":[{"embeddable":true,"href":"https:\/\/migracao.redenoticia.com.br\/noticia\/wp-json\/wp\/v2\/media\/103446"}],"wp:attachment":[{"href":"https:\/\/migracao.redenoticia.com.br\/noticia\/wp-json\/wp\/v2\/media?parent=116500"}],"wp:term":[{"taxonomy":"category","embeddable":true,"href":"https:\/\/migracao.redenoticia.com.br\/noticia\/wp-json\/wp\/v2\/categories?post=116500"},{"taxonomy":"post_tag","embeddable":true,"href":"https:\/\/migracao.redenoticia.com.br\/noticia\/wp-json\/wp\/v2\/tags?post=116500"}],"curies":[{"name":"wp","href":"https:\/\/api.w.org\/{rel}","templated":true}]}}