{"id":116508,"date":"2017-07-05T16:38:07","date_gmt":"2017-07-05T19:38:07","guid":{"rendered":"https:\/\/www.redenoticia.com.br\/noticia\/?p=116508"},"modified":"2017-07-05T16:38:07","modified_gmt":"2017-07-05T19:38:07","slug":"resumo-novela-no-limite-da-paixao-0607-maria-madalena-desiste-de-se-casar-com-maciel","status":"publish","type":"post","link":"https:\/\/migracao.redenoticia.com.br\/noticia\/2017\/resumo-novela-no-limite-da-paixao-0607-maria-madalena-desiste-de-se-casar-com-maciel\/116508","title":{"rendered":"Resumo novela \u201cNo Limite da Paix\u00e3o\u201d 06\/07: Maria Madalena desiste de se casar com Maciel"},"content":{"rendered":"<p><img class=\"alignleft size-thumbnail wp-image-113483\" https:\/\/migracao.redenoticia.com.br\/noticia\/imagens\/no-limite-da-paixao-novela-sbt-resumo-150x112.jpg\" alt=\"\" width=\"150\" height=\"112\" \/><strong><em>Resumo novela \u201cNo Limite da Paix\u00e3o\u201d 06\/07<\/em><\/strong>: no cap\u00edtulo 034(*) da novela \u201cNo Limite da Paix\u00e3o\u201d, resumo de quinta-feira, 06 de julho, Ros\u00e1lia diz a Maria Madalena que soube, pelo Gabriel, que Jos\u00e9 Alfredo \u00e9 seu filho e exige que a deixe falar com ele. Rebeca aconselha Maria Madalena a contar toda a verdade para o Gabriel. Ros\u00e1lia pede perd\u00e3o ao Jos\u00e9 Alfredo por t\u00ea-lo abandonado ainda beb\u00ea. Frida exige que Caetana lhe diga o nome de sua m\u00e3e. Maciel pede a dona Josefa autoriza\u00e7\u00e3o para fazer modifica\u00e7\u00f5es na decora\u00e7\u00e3o do escrit\u00f3rio do Sr. Fernando, j\u00e1 que, de agora em diante, passar\u00e1 a trabalhar no local. Irritada com o desprezo de Ot\u00e1vio, Frida pergunta a ele por que n\u00e3o admite de uma vez por todas que ama Ana Cristina. Maria Madalena comenta com Manuel e Ana Cristina que Maciel a pediu em casamento para ajud\u00e1-la com seus filhos. Eles dizem que se Maciel tem a inten\u00e7\u00e3o de ajud\u00e1-la pode faz\u00ea-lo sem que haja necessidade de um casamento. Ana Cristina acrescenta que Maciel n\u00e3o \u00e9 nenhum exemplo a seguir. Maria Madalena muda de ideia e diz ao Maciel que pensou melhor e decidiu n\u00e3o se casar com ele. Juliana diz a Ot\u00e1vio que se realmente n\u00e3o existe nenhuma possibilidade de reconcilia\u00e7\u00e3o com Ana Cristina, ent\u00e3o ele poderia olh\u00e1-la de outra maneira.<\/p>\n<p>(*) edi\u00e7\u00e3o do SBT, Novela \u201cNo Limite da Paix\u00e3o\u201d, sujeito a altera\u00e7\u00e3o de data e conte\u00fado.<\/p>\n<p>\u201cNo Limite da Paix\u00e3o\u201d \u00e9 uma telenovela mexicana produzida por Salvador Mej\u00eda Alejandre para a Televisa e exibida pelo Canal de las Estrellas entre 11 de fevereiro e 2 de agosto de 2002. A trama \u00e9 baseada em Cadena de odio, uma radionovela de Hilda Morales Allois. Foi adaptada livremente por Liliana Abud, dire\u00e7\u00e3o de Miguel C\u00f3rcega e produ\u00e7\u00e3o executiva de Nathalie Lartilleux. A trama \u00e9 protagonizada por Susana Gonz\u00e1lez e C\u00e9sar \u00c9vora e antagonizada por Sabine Moussier e Alberto Estrella.<\/p>\n<p>Sinopse: Ana Cristina e Ot\u00e1vio ter\u00e3o que ultrapassar as barreiras das mentiras e enfrentar o sentimento que os condena. Rodeados das m\u00e1s inten\u00e7\u00f5es de seus inimigos, e os problemas que ter\u00e3o um a um at\u00e9 chegar a sua meta: estar juntos sem importar o passado. Ana Cristina \u00e9 uma jovem charmosa e de car\u00e1ter forte, \u00e9 a protegida de seu av\u00f4, Fernando Villareal. Quando Fernando fica doente, seu sobrinho Ot\u00e1vio Villareal, um homem cheio de rancor porque seu tio impediu seu casamento com sua amada Frida, viaja para v\u00ea-lo. Fernando morre, deixando em seu testamento a f\u00e1brica de sapatos para Ot\u00e1vio e Ana Cristina: eles s\u00e3o sua \u00fanica fam\u00edlia, mas como condi\u00e7\u00e3o devem se casar e viver juntos um ano antes de decidir o que fazer com a empresa. Maciel, o capataz das terras Villareal, come\u00e7a a caluniar a inofensiva Ana Cristina e convence Ot\u00e1vio para que busque Frida. Sem imaginar, com a conviv\u00eancia cresce um amor profundo entre os dois: ambos s\u00e3o v\u00edtimas de um grande \u00f3dio por parte de Maciel e Frida, ex-prometida de Ot\u00e1vio, que fazem at\u00e9 o imposs\u00edvel para separar os dois. Ot\u00e1vio dever\u00e1 decidir entre o filho que espera agora sua amada esposa Ana Cristina, e o filho de sua amante Frida que, na verdade, n\u00e3o \u00e9 seu. Mas a chegada de Martha, uma mulher misteriosa e obscura vai mudar completamente e vida de Ana Cristina e Ot\u00e1vio. Ela far\u00e1 de tudo para defender Ana Cristina nem que para isso precise revelar um grande segredo que guarda.<\/p>\n","protected":false},"excerpt":{"rendered":"","protected":false},"author":4,"featured_media":113483,"comment_status":"open","ping_status":"closed","sticky":false,"template":"","format":"standard","meta":{"tdm_status":"","tdm_grid_status":"","footnotes":""},"categories":[379,372,343],"tags":[441],"class_list":{"0":"post-116508","1":"post","2":"type-post","3":"status-publish","4":"format-standard","5":"has-post-thumbnail","7":"category-novelas","8":"category-sbt","9":"category-televisao","10":"tag-resumo-do-dia"},"_links":{"self":[{"href":"https:\/\/migracao.redenoticia.com.br\/noticia\/wp-json\/wp\/v2\/posts\/116508","targetHints":{"allow":["GET"]}}],"collection":[{"href":"https:\/\/migracao.redenoticia.com.br\/noticia\/wp-json\/wp\/v2\/posts"}],"about":[{"href":"https:\/\/migracao.redenoticia.com.br\/noticia\/wp-json\/wp\/v2\/types\/post"}],"author":[{"embeddable":true,"href":"https:\/\/migracao.redenoticia.com.br\/noticia\/wp-json\/wp\/v2\/users\/4"}],"replies":[{"embeddable":true,"href":"https:\/\/migracao.redenoticia.com.br\/noticia\/wp-json\/wp\/v2\/comments?post=116508"}],"version-history":[{"count":0,"href":"https:\/\/migracao.redenoticia.com.br\/noticia\/wp-json\/wp\/v2\/posts\/116508\/revisions"}],"wp:featuredmedia":[{"embeddable":true,"href":"https:\/\/migracao.redenoticia.com.br\/noticia\/wp-json\/wp\/v2\/media\/113483"}],"wp:attachment":[{"href":"https:\/\/migracao.redenoticia.com.br\/noticia\/wp-json\/wp\/v2\/media?parent=116508"}],"wp:term":[{"taxonomy":"category","embeddable":true,"href":"https:\/\/migracao.redenoticia.com.br\/noticia\/wp-json\/wp\/v2\/categories?post=116508"},{"taxonomy":"post_tag","embeddable":true,"href":"https:\/\/migracao.redenoticia.com.br\/noticia\/wp-json\/wp\/v2\/tags?post=116508"}],"curies":[{"name":"wp","href":"https:\/\/api.w.org\/{rel}","templated":true}]}}