{"id":116512,"date":"2017-07-05T16:39:43","date_gmt":"2017-07-05T19:39:43","guid":{"rendered":"https:\/\/www.redenoticia.com.br\/noticia\/?p=116512"},"modified":"2017-07-05T16:39:43","modified_gmt":"2017-07-05T19:39:43","slug":"resumo-novela-o-que-a-vida-me-roubou-0607-montserrat-esta-gravida","status":"publish","type":"post","link":"https:\/\/migracao.redenoticia.com.br\/noticia\/2017\/resumo-novela-o-que-a-vida-me-roubou-0607-montserrat-esta-gravida\/116512","title":{"rendered":"Resumo novela \u201cO Que A Vida Me Roubou\u201d 06\/07: Montserrat est\u00e1 gr\u00e1vida"},"content":{"rendered":"<p><img loading=\"lazy\" decoding=\"async\" src=\"https:\/\/migracao.redenoticia.com.br\/noticia\/imagens\/o-que-a-vida-me-roubou-novela-resumo-sbt-150x112.jpg\" alt=\"\" width=\"150\" height=\"112\" class=\"alignleft size-thumbnail wp-image-105656\" srcset=\"https:\/\/migracao.redenoticia.com.br\/noticia\/imagens\/o-que-a-vida-me-roubou-novela-resumo-sbt-150x112.jpg 150w, https:\/\/migracao.redenoticia.com.br\/noticia\/imagens\/o-que-a-vida-me-roubou-novela-resumo-sbt-265x198.jpg 265w\" sizes=\"auto, (max-width: 150px) 100vw, 150px\" \/><strong><em>Resumo novela \u201cO Que A Vida Me Roubou\u201d 06\/07<\/em><\/strong>: no cap\u00edtulo 114(*) da novela \u201cO Que A Vida Me Roubou\u201d, resumo de quinta-feira, 06 de julho, Maria vai ao local onde esconde o testamento de Benjamim e Sandro quase que a apanha. Maria diz-lhe para a deixar em paz ou Adolfo mata-o. Montserrat decide fazer as pazes com Jos\u00e9 Lu\u00eds. Montserrat diz a Ros\u00e1rio que j\u00e1 falou com Jos\u00e9 Lu\u00eds, mas que se sente mal por lhe ter mentido. Sandro rouba o testamento a Maria. Alessandro diz a Adolfo que quer levar a sua fam\u00edlia para bem longe de \u00c1gua Azul. Graziela diz a Fabiola que Sandro tem o testamento e que o vai ter nas m\u00e3os brevemente. Montserrat descobre que est\u00e1 gr\u00e1vida e Alessandro pede-lhe que interrompa a gravidez, pois o filho \u00e9 de Jos\u00e9 Lu\u00eds. Montserrat e Alessandro acabam por ter uma grande discuss\u00e3o.<\/p>\n<p>(*) edi\u00e7\u00e3o do SBT, Novela \u201cO Que A Vida Me Roubou\u201d, sujeito a altera\u00e7\u00e3o de data e conte\u00fado.<\/p>\n<p>Lo que la vida me rob\u00f3 (no Brasil, O Que a Vida Me Roubou) \u00e9 uma telenovela mexicana produzida por Angelli Nesma Medina para Televisa e exibida pelo Canal de las Estrellas entre 28 de outubro de 2013 e 27 de julho de 2014 em 196 cap\u00edtulos, substituindo La tempestad e sendo substitu\u00edda por Hasta el fin del mundo. A original \u00e9 de Caridad Bravo Adams, sendo esta um remake modernizado das novelas Bodas de odio e Amor real, produzidas em 1983 e 2003, respectivamente. Tem Angelique Boyer, Sebasti\u00e1n Rulli, Luis Roberto Guzm\u00e1n, Daniela Castro, Grettell Vald\u00e9z, Sergio Sendel e Lisset nos papeis principais.<\/p>\n","protected":false},"excerpt":{"rendered":"<p>Resumo novela \u201cO Que A Vida Me Roubou\u201d 06\/07: no cap\u00edtulo 114(*) da novela \u201cO Que A Vida Me Roubou\u201d, resumo de quinta-feira, 06 de julho, Maria vai ao local onde esconde o testamento de Benjamim e Sandro quase que a apanha. Maria diz-lhe para a deixar em paz ou Adolfo mata-o. Montserrat decide fazer [&hellip;]<\/p>\n","protected":false},"author":4,"featured_media":105656,"comment_status":"open","ping_status":"closed","sticky":false,"template":"","format":"standard","meta":{"tdm_status":"","tdm_grid_status":"","footnotes":""},"categories":[379,372,343],"tags":[441],"class_list":{"0":"post-116512","1":"post","2":"type-post","3":"status-publish","4":"format-standard","5":"has-post-thumbnail","7":"category-novelas","8":"category-sbt","9":"category-televisao","10":"tag-resumo-do-dia"},"_links":{"self":[{"href":"https:\/\/migracao.redenoticia.com.br\/noticia\/wp-json\/wp\/v2\/posts\/116512","targetHints":{"allow":["GET"]}}],"collection":[{"href":"https:\/\/migracao.redenoticia.com.br\/noticia\/wp-json\/wp\/v2\/posts"}],"about":[{"href":"https:\/\/migracao.redenoticia.com.br\/noticia\/wp-json\/wp\/v2\/types\/post"}],"author":[{"embeddable":true,"href":"https:\/\/migracao.redenoticia.com.br\/noticia\/wp-json\/wp\/v2\/users\/4"}],"replies":[{"embeddable":true,"href":"https:\/\/migracao.redenoticia.com.br\/noticia\/wp-json\/wp\/v2\/comments?post=116512"}],"version-history":[{"count":0,"href":"https:\/\/migracao.redenoticia.com.br\/noticia\/wp-json\/wp\/v2\/posts\/116512\/revisions"}],"wp:featuredmedia":[{"embeddable":true,"href":"https:\/\/migracao.redenoticia.com.br\/noticia\/wp-json\/wp\/v2\/media\/105656"}],"wp:attachment":[{"href":"https:\/\/migracao.redenoticia.com.br\/noticia\/wp-json\/wp\/v2\/media?parent=116512"}],"wp:term":[{"taxonomy":"category","embeddable":true,"href":"https:\/\/migracao.redenoticia.com.br\/noticia\/wp-json\/wp\/v2\/categories?post=116512"},{"taxonomy":"post_tag","embeddable":true,"href":"https:\/\/migracao.redenoticia.com.br\/noticia\/wp-json\/wp\/v2\/tags?post=116512"}],"curies":[{"name":"wp","href":"https:\/\/api.w.org\/{rel}","templated":true}]}}