{"id":116519,"date":"2017-07-05T16:41:46","date_gmt":"2017-07-05T19:41:46","guid":{"rendered":"https:\/\/www.redenoticia.com.br\/noticia\/?p=116519"},"modified":"2017-07-05T16:41:46","modified_gmt":"2017-07-05T19:41:46","slug":"resumo-novela-chiquititas-0607-gabriela-desperta-do-bloqueio-psicologico","status":"publish","type":"post","link":"https:\/\/migracao.redenoticia.com.br\/noticia\/2017\/resumo-novela-chiquititas-0607-gabriela-desperta-do-bloqueio-psicologico\/116519","title":{"rendered":"Resumo novela \u201cChiquititas\u201d 06\/07: Gabriela desperta do bloqueio psicol\u00f3gico"},"content":{"rendered":"<p><img loading=\"lazy\" decoding=\"async\" class=\"alignleft size-thumbnail wp-image-49690\" src=\"https:\/\/migracao.redenoticia.com.br\/noticia\/imagens\/chiquititas1-150x112.jpg\" alt=\"chiquititas\" width=\"150\" height=\"112\" \/><strong><em>Resumo novela \u201cChiquititas\u201d 06\/07<\/em><\/strong>: no cap\u00edtulo 213(*) da novela \u201cChiquititas\u201d, resumo de quinta-feira, 06 de julho, Mili sai correndo e um motoqueiro acaba salvando o bebe. Trata-se da estreia do personagem Jo\u00e3o Pedro. Carmen avisa que j\u00e1 encontrou um casal para adotar o bebe. Beto diz que entende a atitude de Tobias em querer voltar ao Caf\u00e9 Boutique, mas que Francis n\u00e3o est\u00e1 bem com a situa\u00e7\u00e3o. Mili fica encantada pelo garoto que salvou o bebe. Ela diz para as amigas que ele era bem alto e lindo, mas que nem sabe seu nome. Valentina vai ao orfanato falar com Mili. Emocionada, Valentina diz que ao olhar para ela lembra de Gabriela. As meninas contam para Mosca que Mili achou o rapaz da moto bonito. Jos\u00e9 Ricardo chega ao orfanato e estranha a presen\u00e7a de Valentina. O empres\u00e1rio faz quest\u00e3o de lev\u00e1-la embora. Mili estranha toda a movimenta\u00e7\u00e3o. Jos\u00e9 Ricardo diz que ir\u00e1 incluir Mili em seu testamento, mas que para isso Valentina deve manter segredo. Na fazenda, Miguel continua relembrando felizes momentos do casal. Armando vence os testes e ganha o emprego de barista. Para evitar que Francis seja demitido, Tobias aceita ser apenas o officeboy do Caf\u00e9 Boutique. Gabriela dorme e relembra o nascimento de Mili. Na lembran\u00e7a, Sofia diz que a menina se chamar\u00e1 Mili e Jos\u00e9 Ricardo \u00e9 firme ao pedir que Sofia desse seguimento ao plano. Gabriela acorda, desperta do bloqueio psicol\u00f3gico (que durava 13 anos)e chama por Miguel. Os dois choram, conversam e se abra\u00e7am. Gabriela pergunta o que aconteceu e diz ter certeza que o bebe n\u00e3o morreu. Miguel revela que a filha deles est\u00e1 viva e que \u00e9 uma menina linda. Homens invadem a fazenda com armas. Um deles captura, amarra e leva Gabriela da fazenda. Os homens dizem que est\u00e3o cumprindo ordens de Jos\u00e9 Ricardo. Eles prendem Miguel e o aconselham a ficar quieto.<\/p>\n<p>(*) edi\u00e7\u00e3o do SBT, Novela \u201cChiquititas\u201d, sujeito a altera\u00e7\u00e3o de data e conte\u00fado.<\/p>\n<p>Chiquititas gira em torno do orfanato Raio de Luz, que carrega em sua hist\u00f3ria um grande segredo envolvendo a fam\u00edlia e o dono do orfanato, Dr. Jos\u00e9 Ricardo Almeida Campos. Em um per\u00edodo anterior \u00e0 novela, exatos treze anos, sua filha Gabriela se apaixonou e ficou gr\u00e1vida de Miguel, filho de Valentina, empregada da casa dos Almeida Campos. Pouco depois, Jos\u00e9 Ricardo sequestrou sua neta, pois, como um homem conservador, ele n\u00e3o aceitava a ideia de que sua filha se envolvesse com um empregado. Como sua neta, Milena, apelidada como Mili, precisava de um lugar para morar, ele comprou um casar\u00e3o e fundou um orfanato, o Raio de Luz. Mili cresceu l\u00e1 com outras garotas que chegaram posteriormente: Bia, Ana, as irm\u00e3s Tati e Vivi, e Cris. Ao decorrer dos anos, elas se tornam uma fam\u00edlia. Elas s\u00e3o supervisionadas por Ernestina, zeladora do orfanato, e Chico, o cozinheiro amado pelas internas. Sofia, ex-governanta da fam\u00edlia Almeida Campos, \u00e9 a diretora do lugar, at\u00e9 que Carmem, irm\u00e3 de Jos\u00e9 Ricardo, entre em seu lugar. Chegam ainda mais \u00f3rf\u00e3os: Pata, Mosca, Binho e Rafa, que viviam nas ruas antes de entrarem na institui\u00e7\u00e3o. Pata e Mili tornam-se amigas rapidamente, enquanto Mosca, Binho e Rafa s\u00e3o os primeiros garotos a entrar no abrigo. As crian\u00e7as sem-teto foram ajudadas por uma doce e bela garota que tocam e mudam a vida delas, assim como as das garotas \u00f3rf\u00e3s.<\/p>\n","protected":false},"excerpt":{"rendered":"<p>Resumo novela \u201cChiquititas\u201d 06\/07: no cap\u00edtulo 213(*) da novela \u201cChiquititas\u201d, resumo de quinta-feira, 06 de julho, Mili sai correndo e um motoqueiro acaba salvando o bebe. Trata-se da estreia do personagem Jo\u00e3o Pedro. Carmen avisa que j\u00e1 encontrou um casal para adotar o bebe. Beto diz que entende a atitude de Tobias em querer voltar [&hellip;]<\/p>\n","protected":false},"author":4,"featured_media":49690,"comment_status":"open","ping_status":"closed","sticky":false,"template":"","format":"standard","meta":{"tdm_status":"","tdm_grid_status":"","footnotes":""},"categories":[409,379,372,343],"tags":[441],"class_list":{"0":"post-116519","1":"post","2":"type-post","3":"status-publish","4":"format-standard","5":"has-post-thumbnail","7":"category-chiquititas","8":"category-novelas","9":"category-sbt","10":"category-televisao","11":"tag-resumo-do-dia"},"_links":{"self":[{"href":"https:\/\/migracao.redenoticia.com.br\/noticia\/wp-json\/wp\/v2\/posts\/116519","targetHints":{"allow":["GET"]}}],"collection":[{"href":"https:\/\/migracao.redenoticia.com.br\/noticia\/wp-json\/wp\/v2\/posts"}],"about":[{"href":"https:\/\/migracao.redenoticia.com.br\/noticia\/wp-json\/wp\/v2\/types\/post"}],"author":[{"embeddable":true,"href":"https:\/\/migracao.redenoticia.com.br\/noticia\/wp-json\/wp\/v2\/users\/4"}],"replies":[{"embeddable":true,"href":"https:\/\/migracao.redenoticia.com.br\/noticia\/wp-json\/wp\/v2\/comments?post=116519"}],"version-history":[{"count":0,"href":"https:\/\/migracao.redenoticia.com.br\/noticia\/wp-json\/wp\/v2\/posts\/116519\/revisions"}],"wp:featuredmedia":[{"embeddable":true,"href":"https:\/\/migracao.redenoticia.com.br\/noticia\/wp-json\/wp\/v2\/media\/49690"}],"wp:attachment":[{"href":"https:\/\/migracao.redenoticia.com.br\/noticia\/wp-json\/wp\/v2\/media?parent=116519"}],"wp:term":[{"taxonomy":"category","embeddable":true,"href":"https:\/\/migracao.redenoticia.com.br\/noticia\/wp-json\/wp\/v2\/categories?post=116519"},{"taxonomy":"post_tag","embeddable":true,"href":"https:\/\/migracao.redenoticia.com.br\/noticia\/wp-json\/wp\/v2\/tags?post=116519"}],"curies":[{"name":"wp","href":"https:\/\/api.w.org\/{rel}","templated":true}]}}