{"id":116527,"date":"2017-07-05T16:44:48","date_gmt":"2017-07-05T19:44:48","guid":{"rendered":"https:\/\/www.redenoticia.com.br\/noticia\/?p=116527"},"modified":"2017-07-05T16:44:48","modified_gmt":"2017-07-05T19:44:48","slug":"resumo-novela-novo-mundo-0607-joaquim-prepara-a-fuga-de-anna-e-vitoria","status":"publish","type":"post","link":"https:\/\/migracao.redenoticia.com.br\/noticia\/2017\/resumo-novela-novo-mundo-0607-joaquim-prepara-a-fuga-de-anna-e-vitoria\/116527","title":{"rendered":"Resumo novela \u201cNovo Mundo\u201d 06\/07: Joaquim prepara a fuga de Anna e Vit\u00f3ria"},"content":{"rendered":"<p><img loading=\"lazy\" decoding=\"async\" class=\"alignleft size-thumbnail wp-image-107950\" src=\"https:\/\/migracao.redenoticia.com.br\/noticia\/imagens\/novo_mundo_novela_resumo_globo-150x112.jpg\" alt=\"\" width=\"150\" height=\"112\" srcset=\"https:\/\/migracao.redenoticia.com.br\/noticia\/imagens\/novo_mundo_novela_resumo_globo-150x112.jpg 150w, https:\/\/migracao.redenoticia.com.br\/noticia\/imagens\/novo_mundo_novela_resumo_globo-265x198.jpg 265w\" sizes=\"auto, (max-width: 150px) 100vw, 150px\" \/><strong><em>Resumo novela \u201cNovo Mundo\u201d 06\/07<\/em><\/strong>: no cap\u00edtulo 092(*) da novela \u201cNovo Mundo\u201d, resumo de quinta-feira, 06 de julho, Joaquim se emociona ao ouvir a voz de Quinzinho. Cec\u00edlia gosta de saber que \u00e9 irm\u00e3 de Matias. Joaquim prepara a fuga de Anna e Vit\u00f3ria. Cec\u00edlia pensa em se casar com Lib\u00e9rio quando Sebasti\u00e3o estiver viajando. Thomas n\u00e3o deixa Vit\u00f3ria ir \u00e0 Feira de Curiosidades. Dom Pedro se impressiona com o bal\u00e3o de Pel\u00f3pidas. Leopoldina e Bonif\u00e1cio procuram Anna e Joaquim. Hugo foge de Germana. Joaquim pega Quinzinho na taberna. Dom Pedro se aproxima de Isaura. Olinto, Piat\u00e3 e Jacira v\u00e3o ao encontro de Vit\u00f3ria. Anna se encontra com Leopoldina e Bonif\u00e1cio. Jacira engana os guardas. Miss Liu prende Piat\u00e3, e Jacira a enfrenta.<\/p>\n<p>(*) edi\u00e7\u00e3o da Rede Globo, Novela \u201cNovo Mundo\u201d, sujeito a altera\u00e7\u00e3o de data e conte\u00fado.<\/p>\n<p>Novo Mundo \u00e9 uma telenovela brasileira produzida pela Rede Globo. Escrita por Thereza Falc\u00e3o e Alessandro Marson, conta com dire\u00e7\u00e3o art\u00edstica de Vin\u00edcius Coimbra. Conta com as participa\u00e7\u00f5es de Isabelle Drummond, Chay Suede, Caio Castro, Let\u00edcia Colin, Leo Jaime, D\u00e9bora Olivieri, Rodrigo Simas, Giullia Buscacio, Vivianne Pasmanter, Guilherme Piva, R\u00f4mulo Estrela, Agatha Moreira, Luisa Micheletti, Gabriel Braga Nunes, e Ingrid Guimar\u00e3es.<\/p>\n","protected":false},"excerpt":{"rendered":"<p>Resumo novela \u201cNovo Mundo\u201d 06\/07: no cap\u00edtulo 092(*) da novela \u201cNovo Mundo\u201d, resumo de quinta-feira, 06 de julho, Joaquim se emociona ao ouvir a voz de Quinzinho. Cec\u00edlia gosta de saber que \u00e9 irm\u00e3 de Matias. Joaquim prepara a fuga de Anna e Vit\u00f3ria. Cec\u00edlia pensa em se casar com Lib\u00e9rio quando Sebasti\u00e3o estiver viajando. [&hellip;]<\/p>\n","protected":false},"author":4,"featured_media":107950,"comment_status":"open","ping_status":"closed","sticky":false,"template":"","format":"standard","meta":{"tdm_status":"","tdm_grid_status":"","footnotes":""},"categories":[379,375,343],"tags":[441],"class_list":{"0":"post-116527","1":"post","2":"type-post","3":"status-publish","4":"format-standard","5":"has-post-thumbnail","7":"category-novelas","8":"category-rede-globo","9":"category-televisao","10":"tag-resumo-do-dia"},"_links":{"self":[{"href":"https:\/\/migracao.redenoticia.com.br\/noticia\/wp-json\/wp\/v2\/posts\/116527","targetHints":{"allow":["GET"]}}],"collection":[{"href":"https:\/\/migracao.redenoticia.com.br\/noticia\/wp-json\/wp\/v2\/posts"}],"about":[{"href":"https:\/\/migracao.redenoticia.com.br\/noticia\/wp-json\/wp\/v2\/types\/post"}],"author":[{"embeddable":true,"href":"https:\/\/migracao.redenoticia.com.br\/noticia\/wp-json\/wp\/v2\/users\/4"}],"replies":[{"embeddable":true,"href":"https:\/\/migracao.redenoticia.com.br\/noticia\/wp-json\/wp\/v2\/comments?post=116527"}],"version-history":[{"count":0,"href":"https:\/\/migracao.redenoticia.com.br\/noticia\/wp-json\/wp\/v2\/posts\/116527\/revisions"}],"wp:featuredmedia":[{"embeddable":true,"href":"https:\/\/migracao.redenoticia.com.br\/noticia\/wp-json\/wp\/v2\/media\/107950"}],"wp:attachment":[{"href":"https:\/\/migracao.redenoticia.com.br\/noticia\/wp-json\/wp\/v2\/media?parent=116527"}],"wp:term":[{"taxonomy":"category","embeddable":true,"href":"https:\/\/migracao.redenoticia.com.br\/noticia\/wp-json\/wp\/v2\/categories?post=116527"},{"taxonomy":"post_tag","embeddable":true,"href":"https:\/\/migracao.redenoticia.com.br\/noticia\/wp-json\/wp\/v2\/tags?post=116527"}],"curies":[{"name":"wp","href":"https:\/\/api.w.org\/{rel}","templated":true}]}}