{"id":116563,"date":"2017-07-06T16:31:13","date_gmt":"2017-07-06T19:31:13","guid":{"rendered":"https:\/\/www.redenoticia.com.br\/noticia\/?p=116563"},"modified":"2017-07-06T15:42:07","modified_gmt":"2017-07-06T18:42:07","slug":"resumo-novela-o-que-a-vida-me-roubou-0707-maria-perde-o-testamento","status":"publish","type":"post","link":"https:\/\/migracao.redenoticia.com.br\/noticia\/2017\/resumo-novela-o-que-a-vida-me-roubou-0707-maria-perde-o-testamento\/116563","title":{"rendered":"Resumo novela \u201cO Que A Vida Me Roubou\u201d 07\/07: Maria perde o testamento"},"content":{"rendered":"<p><img loading=\"lazy\" decoding=\"async\" src=\"https:\/\/migracao.redenoticia.com.br\/noticia\/imagens\/o-que-a-vida-me-roubou-novela-resumo-sbt-150x112.jpg\" alt=\"\" width=\"150\" height=\"112\" class=\"alignleft size-thumbnail wp-image-105656\" srcset=\"https:\/\/migracao.redenoticia.com.br\/noticia\/imagens\/o-que-a-vida-me-roubou-novela-resumo-sbt-150x112.jpg 150w, https:\/\/migracao.redenoticia.com.br\/noticia\/imagens\/o-que-a-vida-me-roubou-novela-resumo-sbt-265x198.jpg 265w\" sizes=\"auto, (max-width: 150px) 100vw, 150px\" \/><strong><em>Resumo novela \u201cO Que A Vida Me Roubou\u201d 07\/07<\/em><\/strong>: no cap\u00edtulo 115(*) da novela \u201cO Que A Vida Me Roubou\u201d, resumo de sexta-feira, 07 de julho, Montserrat olha Alessandro, desiludida, quando ele diz a Ros\u00e1rio que n\u00e3o ir\u00e3o mais a parte alguma. Laurinho diz a Alessandro que estava muito feliz, pois eles passariam um tempo maior juntos, e o pergunta quando voltar\u00e1 a v\u00ea-lo. Alessandro responde que espera ser rapidamente. M\u00f4nica diz a Demetrio que se Alessandro est\u00e1 vivo, deveriam entreg\u00e1-lo as autoridades. Tanto Mac\u00e1rio quanto Victor tentam convencer Alessandro que Montserrat n\u00e3o foi infiel, pois todos acreditavam que ele estava morto. Alessandro, furioso, diz que n\u00e3o pode permitir que Montserrat tenha um filho do homem que mais odeia, porque assim ele sempre estar\u00e1 entre eles. Montserrat, chorando, diz a Ros\u00e1rio que est\u00e1 gr\u00e1vida e o beb\u00ea \u00e9 de Jos\u00e9 Luis. Ela diz que Alessandro n\u00e3o quer que o beb\u00ea nas\u00e7a, mas ela n\u00e3o permitir\u00e1 isso. Ros\u00e1rio diz apoi\u00e1-la em tudo e que amar\u00e1 essa crian\u00e7a como se fosse seu neto. Jos\u00e9 Luis escuta e recrimina Montserrat por ter estado a ponto de fugir e afirma que se descobrir que Alessandro est\u00e1 em \u00c1gua Azul, \u00e9 capaz de mat\u00e1-lo. Demetrio vai \u00e0 casa de Josefina perguntar se \u00e9 verdade que Alessandro est\u00e1 vivo. Josefina o responde que ele, Victor e Nadia est\u00e3o vivos, e se encontraram por casualidade na Argentina. Alessandro diz a Demetrio que Montserrat e ele pensavam em ir embora, mas ele descobriu que ela est\u00e1 gr\u00e1vida. Demetrio recomenda que Alessandro tenha cuidado, pois Jose est\u00e1 como louco e, se o encontrar, certamente o ir\u00e1 matar. Alessandro diz a Maria que aceita passar uma noite com ela em troca de seu testamento. Sandro diz a Montserrat que ele tem o testamento de Alessandro e que vai entreg\u00e1-lo a ela. Montserrat se surpreende e pergunta o motivo dessa atitude. Ele responde que descobriu que Graziela e Fabiola est\u00e3o o traindo e deseja se vingar delas. Renato diz a Esmeralda que Nadia e Victor sobreviveram ao acidente e tiveram uma filha. Ele diz que Pedro tem Nadia e a crian\u00e7a presas em sua casa. Maria vai atr\u00e1s do testamento no lugar onde ela o tinha escondido e descobre que j\u00e1 n\u00e3o est\u00e1 l\u00e1. Zangada, ela se lembra de quando Sandro \u201cquase\u201d a descobriu ali.<\/p>\n<p>(*) edi\u00e7\u00e3o do SBT, Novela \u201cO Que A Vida Me Roubou\u201d, sujeito a altera\u00e7\u00e3o de data e conte\u00fado.<\/p>\n<p>Lo que la vida me rob\u00f3 (no Brasil, O Que a Vida Me Roubou) \u00e9 uma telenovela mexicana produzida por Angelli Nesma Medina para Televisa e exibida pelo Canal de las Estrellas entre 28 de outubro de 2013 e 27 de julho de 2014 em 196 cap\u00edtulos, substituindo La tempestad e sendo substitu\u00edda por Hasta el fin del mundo. A original \u00e9 de Caridad Bravo Adams, sendo esta um remake modernizado das novelas Bodas de odio e Amor real, produzidas em 1983 e 2003, respectivamente. Tem Angelique Boyer, Sebasti\u00e1n Rulli, Luis Roberto Guzm\u00e1n, Daniela Castro, Grettell Vald\u00e9z, Sergio Sendel e Lisset nos papeis principais.<\/p>\n","protected":false},"excerpt":{"rendered":"<p>Resumo novela \u201cO Que A Vida Me Roubou\u201d 07\/07: no cap\u00edtulo 115(*) da novela \u201cO Que A Vida Me Roubou\u201d, resumo de sexta-feira, 07 de julho, Montserrat olha Alessandro, desiludida, quando ele diz a Ros\u00e1rio que n\u00e3o ir\u00e3o mais a parte alguma. Laurinho diz a Alessandro que estava muito feliz, pois eles passariam um tempo [&hellip;]<\/p>\n","protected":false},"author":4,"featured_media":105656,"comment_status":"open","ping_status":"closed","sticky":false,"template":"","format":"standard","meta":{"tdm_status":"","tdm_grid_status":"","footnotes":""},"categories":[379,372,343],"tags":[441],"class_list":{"0":"post-116563","1":"post","2":"type-post","3":"status-publish","4":"format-standard","5":"has-post-thumbnail","7":"category-novelas","8":"category-sbt","9":"category-televisao","10":"tag-resumo-do-dia"},"_links":{"self":[{"href":"https:\/\/migracao.redenoticia.com.br\/noticia\/wp-json\/wp\/v2\/posts\/116563","targetHints":{"allow":["GET"]}}],"collection":[{"href":"https:\/\/migracao.redenoticia.com.br\/noticia\/wp-json\/wp\/v2\/posts"}],"about":[{"href":"https:\/\/migracao.redenoticia.com.br\/noticia\/wp-json\/wp\/v2\/types\/post"}],"author":[{"embeddable":true,"href":"https:\/\/migracao.redenoticia.com.br\/noticia\/wp-json\/wp\/v2\/users\/4"}],"replies":[{"embeddable":true,"href":"https:\/\/migracao.redenoticia.com.br\/noticia\/wp-json\/wp\/v2\/comments?post=116563"}],"version-history":[{"count":0,"href":"https:\/\/migracao.redenoticia.com.br\/noticia\/wp-json\/wp\/v2\/posts\/116563\/revisions"}],"wp:featuredmedia":[{"embeddable":true,"href":"https:\/\/migracao.redenoticia.com.br\/noticia\/wp-json\/wp\/v2\/media\/105656"}],"wp:attachment":[{"href":"https:\/\/migracao.redenoticia.com.br\/noticia\/wp-json\/wp\/v2\/media?parent=116563"}],"wp:term":[{"taxonomy":"category","embeddable":true,"href":"https:\/\/migracao.redenoticia.com.br\/noticia\/wp-json\/wp\/v2\/categories?post=116563"},{"taxonomy":"post_tag","embeddable":true,"href":"https:\/\/migracao.redenoticia.com.br\/noticia\/wp-json\/wp\/v2\/tags?post=116563"}],"curies":[{"name":"wp","href":"https:\/\/api.w.org\/{rel}","templated":true}]}}