{"id":116565,"date":"2017-07-06T16:32:21","date_gmt":"2017-07-06T19:32:21","guid":{"rendered":"https:\/\/www.redenoticia.com.br\/noticia\/?p=116565"},"modified":"2017-07-06T15:43:20","modified_gmt":"2017-07-06T18:43:20","slug":"resumo-novela-carinha-de-anjo-0707-dulce-nao-quer-mais-a-festa-de-aniversario","status":"publish","type":"post","link":"https:\/\/migracao.redenoticia.com.br\/noticia\/2017\/resumo-novela-carinha-de-anjo-0707-dulce-nao-quer-mais-a-festa-de-aniversario\/116565","title":{"rendered":"Resumo novela \u201cCarinha de Anjo\u201d 07\/07: Dulce n\u00e3o quer mais a festa de anivers\u00e1rio"},"content":{"rendered":"<p><img loading=\"lazy\" decoding=\"async\" class=\"alignleft size-thumbnail wp-image-99331\" src=\"https:\/\/migracao.redenoticia.com.br\/noticia\/imagens\/carinha_de_anjo_sbt_novela_resumo_capitulo-150x112.jpg\" alt=\"carinha_de_anjo_sbt_novela_resumo_capitulo\" width=\"150\" height=\"112\" srcset=\"https:\/\/migracao.redenoticia.com.br\/noticia\/imagens\/carinha_de_anjo_sbt_novela_resumo_capitulo-150x112.jpg 150w, https:\/\/migracao.redenoticia.com.br\/noticia\/imagens\/carinha_de_anjo_sbt_novela_resumo_capitulo-265x198.jpg 265w\" sizes=\"auto, (max-width: 150px) 100vw, 150px\" \/><strong><em>Resumo novela \u201cCarinha de Anjo\u201d 07\/07<\/em><\/strong>: no cap\u00edtulo 165(*) da novela \u201cCarinha de Anjo\u201d, resumo de sexta-feira, 07 de julho, Estef\u00e2nia e Padre Gabriel v\u00e3o at\u00e9 o internato para conversar com Dulce Maria. Em\u00edlio vai at\u00e9 a casa de Dulce para conversar com Silvestre. O garoto revela que Franciely est\u00e1 em sua casa chorando sem parar. Estef\u00e2nia conta para Dulce Maria que existe a possibilidade de Gustavo n\u00e3o chegar a tempo para a festa da carinha de anjo devido um furac\u00e3o que est\u00e1 para chegar na cidade em que ele est\u00e1. Em\u00edlio diz que Franciely chora por n\u00e3o poder mais ficar pr\u00f3ximo a Silvestre e que morrer\u00e1 de saudade. Silvestre fica emocionado ao saber que Franciely sente sua falta. Silvana visita F\u00e1tima e fica surpresa por Crist\u00f3v\u00e3o fazer o mesmo. Dulce Maria chora ap\u00f3s escutar a mensagem de \u00e1udio do pai e diz que n\u00e3o quer mais festa de anivers\u00e1rio, mas sim passar o final de semana no col\u00e9gio. Crist\u00f3v\u00e3o pergunta o motivo de Silvana estar na casa de F\u00e1tima e a secret\u00e1ria diz que tem uma coisa importante para contar sobre Fl\u00e1vio aos dois.<\/p>\n<p>(*) edi\u00e7\u00e3o do SBT, Novela \u201cCarinha de Anjo\u201d, sujeito a altera\u00e7\u00e3o de data e conte\u00fado.<\/p>\n<p>Carinha de Anjo \u00e9 uma telenovela brasileira produzida e exibida originalmente pelo SBT desde o dia 21 de novembro de 2016, substituindo o hor\u00e1rio anteriormente ocupado por C\u00famplices de um Resgate. A telenovela \u00e9 inspirada na mexicana Carita de \u00e1ngel, que, por sua vez, \u00e9 um remake de Mundo de juguete, ambas produzidas pela Televisa e que haviam sido baseadas na trama argentina escrita por Abel Santa Cruz, Pap\u00e1 coraz\u00f3n. Esta ser\u00e1 a segunda adapta\u00e7\u00e3o brasileira da obra original argentina, visto que a Rede Tupi apresentou em 1976 a sua primeira vers\u00e3o, chamada de Papai Cora\u00e7\u00e3o. A nova vers\u00e3o \u00e9 escrita por Leonor Corr\u00eaa, com supervis\u00e3o de \u00cdris Abravanel e dire\u00e7\u00e3o geral de Ricardo Mantoanelli. A trama conta com Lorena Queiroz, Bia Arantes, Carlo Porto, Priscila Sol, Dani Gondim, Karin Hils, Eliana Guttman e Lucero nos pap\u00e9is principais.<\/p>\n","protected":false},"excerpt":{"rendered":"<p>Resumo novela \u201cCarinha de Anjo\u201d 07\/07: no cap\u00edtulo 165(*) da novela \u201cCarinha de Anjo\u201d, resumo de sexta-feira, 07 de julho, Estef\u00e2nia e Padre Gabriel v\u00e3o at\u00e9 o internato para conversar com Dulce Maria. Em\u00edlio vai at\u00e9 a casa de Dulce para conversar com Silvestre. O garoto revela que Franciely est\u00e1 em sua casa chorando sem [&hellip;]<\/p>\n","protected":false},"author":4,"featured_media":99331,"comment_status":"open","ping_status":"closed","sticky":false,"template":"","format":"standard","meta":{"tdm_status":"","tdm_grid_status":"","footnotes":""},"categories":[452,379,372,343],"tags":[441],"class_list":{"0":"post-116565","1":"post","2":"type-post","3":"status-publish","4":"format-standard","5":"has-post-thumbnail","7":"category-carinha-de-anjo","8":"category-novelas","9":"category-sbt","10":"category-televisao","11":"tag-resumo-do-dia"},"_links":{"self":[{"href":"https:\/\/migracao.redenoticia.com.br\/noticia\/wp-json\/wp\/v2\/posts\/116565","targetHints":{"allow":["GET"]}}],"collection":[{"href":"https:\/\/migracao.redenoticia.com.br\/noticia\/wp-json\/wp\/v2\/posts"}],"about":[{"href":"https:\/\/migracao.redenoticia.com.br\/noticia\/wp-json\/wp\/v2\/types\/post"}],"author":[{"embeddable":true,"href":"https:\/\/migracao.redenoticia.com.br\/noticia\/wp-json\/wp\/v2\/users\/4"}],"replies":[{"embeddable":true,"href":"https:\/\/migracao.redenoticia.com.br\/noticia\/wp-json\/wp\/v2\/comments?post=116565"}],"version-history":[{"count":0,"href":"https:\/\/migracao.redenoticia.com.br\/noticia\/wp-json\/wp\/v2\/posts\/116565\/revisions"}],"wp:featuredmedia":[{"embeddable":true,"href":"https:\/\/migracao.redenoticia.com.br\/noticia\/wp-json\/wp\/v2\/media\/99331"}],"wp:attachment":[{"href":"https:\/\/migracao.redenoticia.com.br\/noticia\/wp-json\/wp\/v2\/media?parent=116565"}],"wp:term":[{"taxonomy":"category","embeddable":true,"href":"https:\/\/migracao.redenoticia.com.br\/noticia\/wp-json\/wp\/v2\/categories?post=116565"},{"taxonomy":"post_tag","embeddable":true,"href":"https:\/\/migracao.redenoticia.com.br\/noticia\/wp-json\/wp\/v2\/tags?post=116565"}],"curies":[{"name":"wp","href":"https:\/\/api.w.org\/{rel}","templated":true}]}}