{"id":116567,"date":"2017-07-06T16:33:33","date_gmt":"2017-07-06T19:33:33","guid":{"rendered":"https:\/\/www.redenoticia.com.br\/noticia\/?p=116567"},"modified":"2017-07-06T15:44:26","modified_gmt":"2017-07-06T18:44:26","slug":"resumo-novela-chiquititas-0707-miguel-consegue-escapar-de-jose-ricardo","status":"publish","type":"post","link":"https:\/\/migracao.redenoticia.com.br\/noticia\/2017\/resumo-novela-chiquititas-0707-miguel-consegue-escapar-de-jose-ricardo\/116567","title":{"rendered":"Resumo novela \u201cChiquititas\u201d 07\/07: Miguel consegue escapar de Jos\u00e9 Ricardo"},"content":{"rendered":"<p><img loading=\"lazy\" decoding=\"async\" class=\"alignleft size-thumbnail wp-image-49690\" src=\"https:\/\/migracao.redenoticia.com.br\/noticia\/imagens\/chiquititas1-150x112.jpg\" alt=\"chiquititas\" width=\"150\" height=\"112\" \/><strong><em>Resumo novela \u201cChiquititas\u201d 07\/07<\/em><\/strong>: no cap\u00edtulo 214(*) da novela \u201cChiquititas\u201d, resumo de sexta-feira, 07 de julho, o bebe \u00e9 adotado. Na Amaz\u00f4nia, Junior pesquisa informa\u00e7\u00f5es sobre Miguel. O carro em que Gabriela est\u00e1 sendo levada a for\u00e7a de volta para a mans\u00e3o dos Almeida Campos diminui a velocidade, a mulher consegue abrir a porta e fugir. O homem tenta recaptur\u00e1-la Gabriela. A mulher trope\u00e7a, cai e desmaia na mata. Os meninos dizem que Maria entrou na casa do vizinho. Carol consegue trazer a menina de volta ao orfanato. Maria Cec\u00edlia volta ao trabalho no Caf\u00e9 Boutique e descobre que Tobias voltou a ser funcion\u00e1rio do local. Junior conversa com o \u00fanico sobrevivente do acidente de helic\u00f3ptero do Miguel, o piloto. Os chiquititos decidem ir at\u00e9 a piscina do vizinho. O piloto diz para Junior que t\u00eam quase certeza que o helic\u00f3ptero foi sabotado e que o processo que iria investigar o acidente foi arquivado muito cedo. Jos\u00e9 Ricardo vai at\u00e9 a fazenda, enfrenta Miguel e diz que o rapaz deve ficar longe de Gabriela. O homem que estava com Gabriela no carro entra correndo na fazenda e avisa Jos\u00e9 Ricardo que ela fugiu. Na mata, um casal encontra Gabriela desmaiada e tenta ajud\u00e1-la. Miguel, embora amarrado, diz que lutar\u00e1 pele bem de Gabriela. Miguel consegue se soltar e derruba Jos\u00e9 Ricardo no sof\u00e1. Jos\u00e9 Ricardo conta para Carmen o que aconteceu e que Miguel tamb\u00e9m fugiu. As meninas descobrem que os chiquititos est\u00e3o usando \u2013 escondidos \u2013 a piscina do vizinho.<\/p>\n<p>(*) edi\u00e7\u00e3o do SBT, Novela \u201cChiquititas\u201d, sujeito a altera\u00e7\u00e3o de data e conte\u00fado.<\/p>\n<p>Chiquititas gira em torno do orfanato Raio de Luz, que carrega em sua hist\u00f3ria um grande segredo envolvendo a fam\u00edlia e o dono do orfanato, Dr. Jos\u00e9 Ricardo Almeida Campos. Em um per\u00edodo anterior \u00e0 novela, exatos treze anos, sua filha Gabriela se apaixonou e ficou gr\u00e1vida de Miguel, filho de Valentina, empregada da casa dos Almeida Campos. Pouco depois, Jos\u00e9 Ricardo sequestrou sua neta, pois, como um homem conservador, ele n\u00e3o aceitava a ideia de que sua filha se envolvesse com um empregado. Como sua neta, Milena, apelidada como Mili, precisava de um lugar para morar, ele comprou um casar\u00e3o e fundou um orfanato, o Raio de Luz. Mili cresceu l\u00e1 com outras garotas que chegaram posteriormente: Bia, Ana, as irm\u00e3s Tati e Vivi, e Cris. Ao decorrer dos anos, elas se tornam uma fam\u00edlia. Elas s\u00e3o supervisionadas por Ernestina, zeladora do orfanato, e Chico, o cozinheiro amado pelas internas. Sofia, ex-governanta da fam\u00edlia Almeida Campos, \u00e9 a diretora do lugar, at\u00e9 que Carmem, irm\u00e3 de Jos\u00e9 Ricardo, entre em seu lugar. Chegam ainda mais \u00f3rf\u00e3os: Pata, Mosca, Binho e Rafa, que viviam nas ruas antes de entrarem na institui\u00e7\u00e3o. Pata e Mili tornam-se amigas rapidamente, enquanto Mosca, Binho e Rafa s\u00e3o os primeiros garotos a entrar no abrigo. As crian\u00e7as sem-teto foram ajudadas por uma doce e bela garota que tocam e mudam a vida delas, assim como as das garotas \u00f3rf\u00e3s.<\/p>\n","protected":false},"excerpt":{"rendered":"<p>Resumo novela \u201cChiquititas\u201d 07\/07: no cap\u00edtulo 214(*) da novela \u201cChiquititas\u201d, resumo de sexta-feira, 07 de julho, o bebe \u00e9 adotado. Na Amaz\u00f4nia, Junior pesquisa informa\u00e7\u00f5es sobre Miguel. O carro em que Gabriela est\u00e1 sendo levada a for\u00e7a de volta para a mans\u00e3o dos Almeida Campos diminui a velocidade, a mulher consegue abrir a porta e [&hellip;]<\/p>\n","protected":false},"author":4,"featured_media":49690,"comment_status":"open","ping_status":"closed","sticky":false,"template":"","format":"standard","meta":{"tdm_status":"","tdm_grid_status":"","footnotes":""},"categories":[409,379,372,343],"tags":[441],"class_list":{"0":"post-116567","1":"post","2":"type-post","3":"status-publish","4":"format-standard","5":"has-post-thumbnail","7":"category-chiquititas","8":"category-novelas","9":"category-sbt","10":"category-televisao","11":"tag-resumo-do-dia"},"_links":{"self":[{"href":"https:\/\/migracao.redenoticia.com.br\/noticia\/wp-json\/wp\/v2\/posts\/116567","targetHints":{"allow":["GET"]}}],"collection":[{"href":"https:\/\/migracao.redenoticia.com.br\/noticia\/wp-json\/wp\/v2\/posts"}],"about":[{"href":"https:\/\/migracao.redenoticia.com.br\/noticia\/wp-json\/wp\/v2\/types\/post"}],"author":[{"embeddable":true,"href":"https:\/\/migracao.redenoticia.com.br\/noticia\/wp-json\/wp\/v2\/users\/4"}],"replies":[{"embeddable":true,"href":"https:\/\/migracao.redenoticia.com.br\/noticia\/wp-json\/wp\/v2\/comments?post=116567"}],"version-history":[{"count":0,"href":"https:\/\/migracao.redenoticia.com.br\/noticia\/wp-json\/wp\/v2\/posts\/116567\/revisions"}],"wp:featuredmedia":[{"embeddable":true,"href":"https:\/\/migracao.redenoticia.com.br\/noticia\/wp-json\/wp\/v2\/media\/49690"}],"wp:attachment":[{"href":"https:\/\/migracao.redenoticia.com.br\/noticia\/wp-json\/wp\/v2\/media?parent=116567"}],"wp:term":[{"taxonomy":"category","embeddable":true,"href":"https:\/\/migracao.redenoticia.com.br\/noticia\/wp-json\/wp\/v2\/categories?post=116567"},{"taxonomy":"post_tag","embeddable":true,"href":"https:\/\/migracao.redenoticia.com.br\/noticia\/wp-json\/wp\/v2\/tags?post=116567"}],"curies":[{"name":"wp","href":"https:\/\/api.w.org\/{rel}","templated":true}]}}