{"id":116573,"date":"2017-07-06T16:37:10","date_gmt":"2017-07-06T19:37:10","guid":{"rendered":"https:\/\/www.redenoticia.com.br\/noticia\/?p=116573"},"modified":"2017-07-06T15:48:03","modified_gmt":"2017-07-06T18:48:03","slug":"resumo-novela-novo-mundo-0707-thomas-encurrala-anna-joaquim-e-as-criancas","status":"publish","type":"post","link":"https:\/\/migracao.redenoticia.com.br\/noticia\/2017\/resumo-novela-novo-mundo-0707-thomas-encurrala-anna-joaquim-e-as-criancas\/116573","title":{"rendered":"Resumo novela \u201cNovo Mundo\u201d 07\/07: Thomas encurrala Anna, Joaquim e as crian\u00e7as"},"content":{"rendered":"<p><img loading=\"lazy\" decoding=\"async\" class=\"alignleft size-thumbnail wp-image-107950\" src=\"https:\/\/migracao.redenoticia.com.br\/noticia\/imagens\/novo_mundo_novela_resumo_globo-150x112.jpg\" alt=\"\" width=\"150\" height=\"112\" srcset=\"https:\/\/migracao.redenoticia.com.br\/noticia\/imagens\/novo_mundo_novela_resumo_globo-150x112.jpg 150w, https:\/\/migracao.redenoticia.com.br\/noticia\/imagens\/novo_mundo_novela_resumo_globo-265x198.jpg 265w\" sizes=\"auto, (max-width: 150px) 100vw, 150px\" \/><strong><em>Resumo novela \u201cNovo Mundo\u201d 07\/07<\/em><\/strong>: no cap\u00edtulo 093(*) da novela \u201cNovo Mundo\u201d, resumo de sexta-feira, 07 de julho, Jacira e Miss Liu lutam, e Piat\u00e3 se desespera. Thomas percebe a afli\u00e7\u00e3o de Anna, e Leopoldina tenta afast\u00e1-la dele. Sebasti\u00e3o descobre que Cec\u00edlia \u00e9 Rosa Branca. Dom Pedro e Isaura se beijam. Anna afirma a Peter que n\u00e3o fugir\u00e1 sem Vit\u00f3ria. Elvira vai \u00e0 taberna atr\u00e1s de Quinzinho. Piat\u00e3 encontra Vit\u00f3ria. Elvira e Hugo procuram Quinzinho pelas ruas. Cec\u00edlia e Lib\u00e9rio namoram no jornal e s\u00e3o flagrados por Sebasti\u00e3o. Joaquim e Quinzinho se encontram com Anna. Thomas se junta a Liu e persegue a esposa. Jacira entrega Vit\u00f3ria para Anna. Elvira v\u00ea Joaquim e Quinzinho e tenta ir atr\u00e1s deles. Thomas encurrala Anna, Joaquim e as crian\u00e7as.<\/p>\n<p>(*) edi\u00e7\u00e3o da Rede Globo, Novela \u201cNovo Mundo\u201d, sujeito a altera\u00e7\u00e3o de data e conte\u00fado.<\/p>\n<p>Novo Mundo \u00e9 uma telenovela brasileira produzida pela Rede Globo. Escrita por Thereza Falc\u00e3o e Alessandro Marson, conta com dire\u00e7\u00e3o art\u00edstica de Vin\u00edcius Coimbra. Conta com as participa\u00e7\u00f5es de Isabelle Drummond, Chay Suede, Caio Castro, Let\u00edcia Colin, Leo Jaime, D\u00e9bora Olivieri, Rodrigo Simas, Giullia Buscacio, Vivianne Pasmanter, Guilherme Piva, R\u00f4mulo Estrela, Agatha Moreira, Luisa Micheletti, Gabriel Braga Nunes, e Ingrid Guimar\u00e3es.<\/p>\n","protected":false},"excerpt":{"rendered":"<p>Resumo novela \u201cNovo Mundo\u201d 07\/07: no cap\u00edtulo 093(*) da novela \u201cNovo Mundo\u201d, resumo de sexta-feira, 07 de julho, Jacira e Miss Liu lutam, e Piat\u00e3 se desespera. Thomas percebe a afli\u00e7\u00e3o de Anna, e Leopoldina tenta afast\u00e1-la dele. Sebasti\u00e3o descobre que Cec\u00edlia \u00e9 Rosa Branca. Dom Pedro e Isaura se beijam. Anna afirma a Peter [&hellip;]<\/p>\n","protected":false},"author":4,"featured_media":107950,"comment_status":"open","ping_status":"closed","sticky":false,"template":"","format":"standard","meta":{"tdm_status":"","tdm_grid_status":"","footnotes":""},"categories":[379,375,343],"tags":[441],"class_list":{"0":"post-116573","1":"post","2":"type-post","3":"status-publish","4":"format-standard","5":"has-post-thumbnail","7":"category-novelas","8":"category-rede-globo","9":"category-televisao","10":"tag-resumo-do-dia"},"_links":{"self":[{"href":"https:\/\/migracao.redenoticia.com.br\/noticia\/wp-json\/wp\/v2\/posts\/116573","targetHints":{"allow":["GET"]}}],"collection":[{"href":"https:\/\/migracao.redenoticia.com.br\/noticia\/wp-json\/wp\/v2\/posts"}],"about":[{"href":"https:\/\/migracao.redenoticia.com.br\/noticia\/wp-json\/wp\/v2\/types\/post"}],"author":[{"embeddable":true,"href":"https:\/\/migracao.redenoticia.com.br\/noticia\/wp-json\/wp\/v2\/users\/4"}],"replies":[{"embeddable":true,"href":"https:\/\/migracao.redenoticia.com.br\/noticia\/wp-json\/wp\/v2\/comments?post=116573"}],"version-history":[{"count":0,"href":"https:\/\/migracao.redenoticia.com.br\/noticia\/wp-json\/wp\/v2\/posts\/116573\/revisions"}],"wp:featuredmedia":[{"embeddable":true,"href":"https:\/\/migracao.redenoticia.com.br\/noticia\/wp-json\/wp\/v2\/media\/107950"}],"wp:attachment":[{"href":"https:\/\/migracao.redenoticia.com.br\/noticia\/wp-json\/wp\/v2\/media?parent=116573"}],"wp:term":[{"taxonomy":"category","embeddable":true,"href":"https:\/\/migracao.redenoticia.com.br\/noticia\/wp-json\/wp\/v2\/categories?post=116573"},{"taxonomy":"post_tag","embeddable":true,"href":"https:\/\/migracao.redenoticia.com.br\/noticia\/wp-json\/wp\/v2\/tags?post=116573"}],"curies":[{"name":"wp","href":"https:\/\/api.w.org\/{rel}","templated":true}]}}