{"id":116574,"date":"2017-07-07T00:04:56","date_gmt":"2017-07-07T03:04:56","guid":{"rendered":"https:\/\/www.redenoticia.com.br\/noticia\/?p=116574"},"modified":"2017-07-06T16:15:01","modified_gmt":"2017-07-06T19:15:01","slug":"usp-oferece-o-curso-astronomia-para-docencia-sistema-solar","status":"publish","type":"post","link":"https:\/\/migracao.redenoticia.com.br\/noticia\/2017\/usp-oferece-o-curso-astronomia-para-docencia-sistema-solar\/116574","title":{"rendered":"USP oferece o curso Astronomia para Doc\u00eancia \u2013 Sistema Solar"},"content":{"rendered":"<p> Ag\u00eancia FAPESP \u2013 O Instituto de F\u00edsica (IF) e o Instituto de Astronomia, Geof\u00edsica e Ci\u00eancias Atmosf\u00e9ricas da USP realizar\u00e3o de 2 de agosto a 5 de dezembro de 2017 o <strong><em>curso \u201cAstronomia para Doc\u00eancia \u2013 Sistema Solar\u201d<\/em><\/strong>. Inscri\u00e7\u00f5es abertas at\u00e9 10 de julho.<\/p>\n<p>Programa oferece gratuitamente atualiza\u00e7\u00e3o a dist\u00e2ncia e presencialmente para professores do ensino fundamental I, com o objetivo de contribuir para a melhoria do ensino de Astronomia. O aprendizado \u00e9 intensificado por meio da capacita\u00e7\u00e3o de professores nos conceitos cient\u00edficos e em estrat\u00e9gias de ensino e diagn\u00f3stico das dificuldades dos alunos.<\/p>\n<p>A equipe docente \u00e9 composta por um coordenador pedag\u00f3gico da \u00e1rea de ensino de ci\u00eancias e forma\u00e7\u00e3o de professores, al\u00e9m de coordenadores e consultores de conte\u00fado com conhecimento aprofundado em astronomia e astrof\u00edsica, todos pertencentes \u00e0 USP.<\/p>\n<p>Com carga total de 150 horas, o curso cont\u00e9m 15 t\u00f3picos, mais uma semana-aula de revis\u00e3o geral e finaliza\u00e7\u00e3o dos trabalhos. Toda semana h\u00e1 um encontro presencial de tr\u00eas horas e meia e atividades a serem realizadas em ambiente virtual, correspondendo a cinco horas. A frequ\u00eancia m\u00ednima para aprova\u00e7\u00e3o \u00e9 de 85% do total das atividades do curso.<\/p>\n<p>Dois professores da USP ministrar\u00e3o o curso, sem tutores. O esclarecimento de d\u00favidas, corre\u00e7\u00f5es e feedbacks ser\u00e3o dados pelos docentes, on-line e presencialmente.<\/p>\n<p>Os interessados podem se inscrever pelo . O local do curso ser\u00e1 o pr\u00e9dio do IF, rua do Mat\u00e3o, 1.371, Cidade Universit\u00e1ria, S\u00e3o Paulo.<\/p>\n<p>Mais informa\u00e7\u00f5es: .<\/p>\n","protected":false},"excerpt":{"rendered":"<p>Ag\u00eancia FAPESP \u2013 O Instituto de F\u00edsica (IF) e o Instituto de Astronomia, Geof\u00edsica e Ci\u00eancias Atmosf\u00e9ricas da USP realizar\u00e3o de 2 de agosto a 5 de dezembro de 2017 o curso \u201cAstronomia para Doc\u00eancia \u2013 Sistema Solar\u201d. Inscri\u00e7\u00f5es abertas at\u00e9 10 de julho. Programa oferece gratuitamente atualiza\u00e7\u00e3o a dist\u00e2ncia e presencialmente para professores do [&hellip;]<\/p>\n","protected":false},"author":2,"featured_media":36246,"comment_status":"open","ping_status":"closed","sticky":false,"template":"","format":"standard","meta":{"tdm_status":"","tdm_grid_status":"","footnotes":""},"categories":[22,351,370],"tags":[],"class_list":{"0":"post-116574","1":"post","2":"type-post","3":"status-publish","4":"format-standard","5":"has-post-thumbnail","7":"category-brasil","8":"category-cursos","9":"category-inscricao"},"_links":{"self":[{"href":"https:\/\/migracao.redenoticia.com.br\/noticia\/wp-json\/wp\/v2\/posts\/116574","targetHints":{"allow":["GET"]}}],"collection":[{"href":"https:\/\/migracao.redenoticia.com.br\/noticia\/wp-json\/wp\/v2\/posts"}],"about":[{"href":"https:\/\/migracao.redenoticia.com.br\/noticia\/wp-json\/wp\/v2\/types\/post"}],"author":[{"embeddable":true,"href":"https:\/\/migracao.redenoticia.com.br\/noticia\/wp-json\/wp\/v2\/users\/2"}],"replies":[{"embeddable":true,"href":"https:\/\/migracao.redenoticia.com.br\/noticia\/wp-json\/wp\/v2\/comments?post=116574"}],"version-history":[{"count":0,"href":"https:\/\/migracao.redenoticia.com.br\/noticia\/wp-json\/wp\/v2\/posts\/116574\/revisions"}],"wp:featuredmedia":[{"embeddable":true,"href":"https:\/\/migracao.redenoticia.com.br\/noticia\/wp-json\/wp\/v2\/media\/36246"}],"wp:attachment":[{"href":"https:\/\/migracao.redenoticia.com.br\/noticia\/wp-json\/wp\/v2\/media?parent=116574"}],"wp:term":[{"taxonomy":"category","embeddable":true,"href":"https:\/\/migracao.redenoticia.com.br\/noticia\/wp-json\/wp\/v2\/categories?post=116574"},{"taxonomy":"post_tag","embeddable":true,"href":"https:\/\/migracao.redenoticia.com.br\/noticia\/wp-json\/wp\/v2\/tags?post=116574"}],"curies":[{"name":"wp","href":"https:\/\/api.w.org\/{rel}","templated":true}]}}