{"id":116583,"date":"2017-07-07T00:05:05","date_gmt":"2017-07-07T03:05:05","guid":{"rendered":"https:\/\/www.redenoticia.com.br\/noticia\/?p=116583"},"modified":"2017-07-06T16:16:14","modified_gmt":"2017-07-06T19:16:14","slug":"ctcpuc-rio-seleciona-professor-para-o-departamento-de-engenharia-mecanica","status":"publish","type":"post","link":"https:\/\/migracao.redenoticia.com.br\/noticia\/2017\/ctcpuc-rio-seleciona-professor-para-o-departamento-de-engenharia-mecanica\/116583","title":{"rendered":"CTC\/PUC-Rio seleciona professor para o Departamento de Engenharia Mec\u00e2nica"},"content":{"rendered":"<p> Ag\u00eancia FAPESP \u2013 O Departamento de Engenharia Mec\u00e2nica (DEM) do Centro T\u00e9cnico Cient\u00edfico da PUC-Rio (CTC\/PUC-Rio) abriu inscri\u00e7\u00f5es para o processo seletivo de preenchimento de uma <strong><em>vaga para professor<\/em><\/strong> para dar aulas e orientar alunos de gradua\u00e7\u00e3o e p\u00f3s-gradua\u00e7\u00e3o, com carga hor\u00e1ria de 40 horas semanais e dedica\u00e7\u00e3o exclusiva. O prazo encerra em 31 de julho.<\/p>\n<p>Os interessados devem ter Doutorado em Engenharia Mec\u00e2nica ou em ci\u00eancias correlatas. A inscri\u00e7\u00e3o de doutorandos ser\u00e1 aceita se a defesa de tese ocorrer at\u00e9 30 de setembro.<\/p>\n<p>Os interessados devem enviar curriculum vitae (em formato PDF) ou link para o Curr\u00edculo Lattes, plano de trabalho em ingl\u00eas (m\u00e1ximo de tr\u00eas p\u00e1ginas) descrevendo as atividades de ensino e pesquisa que ser\u00e3o desenvolvidas por cinco anos e duas a tr\u00eas cartas de refer\u00eancia pessoal para o e-mail direcao-dem@puc-rio.br.<\/p>\n<p>A contrata\u00e7\u00e3o est\u00e1 prevista para o in\u00edcio de 2018 e o valor atual de remunera\u00e7\u00e3o \u00e9 de R$ 11.457,16.<\/p>\n<p>O edital com todos os detalhes do processo seletivo est\u00e1 dispon\u00edvel em .<\/p>\n<p>Outras informa\u00e7\u00f5es podem ser obtidas pelo telefone (21) 3527- 1001. <\/p>\n","protected":false},"excerpt":{"rendered":"<p>Ag\u00eancia FAPESP \u2013 O Departamento de Engenharia Mec\u00e2nica (DEM) do Centro T\u00e9cnico Cient\u00edfico da PUC-Rio (CTC\/PUC-Rio) abriu inscri\u00e7\u00f5es para o processo seletivo de preenchimento de uma vaga para professor para dar aulas e orientar alunos de gradua\u00e7\u00e3o e p\u00f3s-gradua\u00e7\u00e3o, com carga hor\u00e1ria de 40 horas semanais e dedica\u00e7\u00e3o exclusiva. O prazo encerra em 31 de [&hellip;]<\/p>\n","protected":false},"author":2,"featured_media":36241,"comment_status":"open","ping_status":"closed","sticky":false,"template":"","format":"standard","meta":{"tdm_status":"","tdm_grid_status":"","footnotes":""},"categories":[22,370,353],"tags":[],"class_list":{"0":"post-116583","1":"post","2":"type-post","3":"status-publish","4":"format-standard","5":"has-post-thumbnail","7":"category-brasil","8":"category-inscricao","9":"category-oportunidades"},"_links":{"self":[{"href":"https:\/\/migracao.redenoticia.com.br\/noticia\/wp-json\/wp\/v2\/posts\/116583","targetHints":{"allow":["GET"]}}],"collection":[{"href":"https:\/\/migracao.redenoticia.com.br\/noticia\/wp-json\/wp\/v2\/posts"}],"about":[{"href":"https:\/\/migracao.redenoticia.com.br\/noticia\/wp-json\/wp\/v2\/types\/post"}],"author":[{"embeddable":true,"href":"https:\/\/migracao.redenoticia.com.br\/noticia\/wp-json\/wp\/v2\/users\/2"}],"replies":[{"embeddable":true,"href":"https:\/\/migracao.redenoticia.com.br\/noticia\/wp-json\/wp\/v2\/comments?post=116583"}],"version-history":[{"count":0,"href":"https:\/\/migracao.redenoticia.com.br\/noticia\/wp-json\/wp\/v2\/posts\/116583\/revisions"}],"wp:featuredmedia":[{"embeddable":true,"href":"https:\/\/migracao.redenoticia.com.br\/noticia\/wp-json\/wp\/v2\/media\/36241"}],"wp:attachment":[{"href":"https:\/\/migracao.redenoticia.com.br\/noticia\/wp-json\/wp\/v2\/media?parent=116583"}],"wp:term":[{"taxonomy":"category","embeddable":true,"href":"https:\/\/migracao.redenoticia.com.br\/noticia\/wp-json\/wp\/v2\/categories?post=116583"},{"taxonomy":"post_tag","embeddable":true,"href":"https:\/\/migracao.redenoticia.com.br\/noticia\/wp-json\/wp\/v2\/tags?post=116583"}],"curies":[{"name":"wp","href":"https:\/\/api.w.org\/{rel}","templated":true}]}}