{"id":1166,"date":"2009-05-04T19:22:50","date_gmt":"2009-05-04T23:22:50","guid":{"rendered":"http:\/\/www.redenoticia.com.br\/noticia\/?p=1166"},"modified":"2009-05-04T19:22:50","modified_gmt":"2009-05-04T23:22:50","slug":"brasileira-a-frente-da-lasa","status":"publish","type":"post","link":"https:\/\/migracao.redenoticia.com.br\/noticia\/2009\/brasileira-a-frente-da-lasa\/1166","title":{"rendered":"Brasileira \u00e0 frente da Lasa"},"content":{"rendered":"<p class=\"MsoNormal\" style=\"background: white none repeat scroll 0%;\"><strong><span style=\"font-size: 9.5pt; font-family: Verdana;\"><a href=\"https:\/\/migracao.redenoticia.com.br\/noticia\/imagens\/\/lasa.jpg\"><img loading=\"lazy\" decoding=\"async\" class=\"alignleft size-medium wp-image-1167\" title=\"lasa\" src=\"https:\/\/migracao.redenoticia.com.br\/noticia\/imagens\/\/lasa-249x187.jpg\" alt=\"lasa\" width=\"249\" height=\"187\" \/><\/a>Ag\u00eancia FAPESP<\/span><\/strong><span style=\"font-size: 9.5pt; font-family: Verdana;\"> \u2013 Maria Herm\u00ednia Tavares de Almeida, professora titular da Faculdade de Filosofia, Letras e Ci\u00eancias Humanas (FFLCH) da Universidade de S\u00e3o Paulo (USP), foi eleita para a dire\u00e7\u00e3o da Latin American Studies Association (Lasa). Trata-se da primeira brasileira, e tamb\u00e9m a primeira latino-americana n\u00e3o-residente nos Estados Unidos, a assumir o cargo.<\/span><\/p>\n<p class=\"MsoNormal\" style=\"background: white none repeat scroll 0%;\"><span style=\"font-size: 9.5pt; font-family: Verdana;\">Seguindo o protocolo da entidade, entre 1\u00ba de maio de 2009 e 31 de outubro de 2010, Maria Herm\u00ednia servir\u00e1 a associa\u00e7\u00e3o como vice-presidente. Em 1\u00ba de novembro de 2010 ela assumir\u00e1 a presid\u00eancia com mandato de 18 meses.<\/span><\/p>\n<p class=\"MsoNormal\" style=\"background: white none repeat scroll 0%;\"><span style=\"font-size: 9.5pt; font-family: Verdana;\">A Lasa, associa\u00e7\u00e3o cient\u00edfica multidisciplinar com sede na cidade de Pittsburgh (Estados Unidos), re\u00fane mais de 5 mil especialistas no mundo, provenientes das disciplinas e profiss\u00f5es no \u00e2mbito das ci\u00eancias sociais e humanas, que se dedicam ao estudo da Am\u00e9rica Latina.<\/span><\/p>\n<p class=\"MsoNormal\" style=\"background: white none repeat scroll 0%;\"><span style=\"font-size: 9.5pt; font-family: Verdana;\">\u201cA Lasa \u00e9 a mais importante associa\u00e7\u00e3o cient\u00edfica formada por especialistas de diversas \u00e1reas que estudam o continente, criada quando essas pesquisas come\u00e7aram a se expandir nos Estados Unidos, no in\u00edcio da d\u00e9cada de 1960\u201d, disse a professora do Departamento de Ci\u00eancia Pol\u00edtica da FFLCH, \u00e0 <strong>Ag\u00eancia FAPESP<\/strong>.<\/span><\/p>\n<p class=\"MsoNormal\" style=\"background: white none repeat scroll 0%;\"><span style=\"font-size: 9.5pt; font-family: Verdana;\">Para ela, essa indica\u00e7\u00e3o representa, mais do que o reconhecimento a uma pessoa, o peso das ci\u00eancias humanas brasileiras na Am\u00e9rica Latina. \u201cA comunidade acad\u00eamica do pa\u00eds \u00e9 a maior da regi\u00e3o e tamb\u00e9m lidera em muitas sub\u00e1reas dentro das ci\u00eancias humanas\u201d, afirmou.<\/span><\/p>\n<p class=\"MsoNormal\" style=\"background: white none repeat scroll 0%;\"><span style=\"font-size: 9.5pt; font-family: Verdana;\">\u201cTrata-se de um reconhecimento ao sistema de pesquisa do Brasil como um todo, que felizmente \u00e9 bem institucionalizado. Especialmente nos \u00faltimos 25 anos, o pa\u00eds tem acompanhado o crescimento de toda a comunidade acad\u00eamica nacional na \u00e1rea das humanidades\u201d, disse.<\/span><\/p>\n<p class=\"MsoNormal\" style=\"background: white none repeat scroll 0%;\"><span style=\"font-size: 9.5pt; font-family: Verdana;\">Maria Herm\u00ednia cita os programas de p\u00f3s-gradua\u00e7\u00e3o das universidades de todo o pa\u00eds, as associa\u00e7\u00f5es cient\u00edficas ligadas \u00e0s humanidades e as ag\u00eancias de fomento estaduais como os grandes respons\u00e1veis por essa institucionaliza\u00e7\u00e3o da produ\u00e7\u00e3o acad\u00eamica na \u00e1rea, que, segundo ela, \u201c\u00e9 muito significativa e incomparavelmente maior do que da maioria dos pa\u00edses latino-americanos\u201d.<\/span><\/p>\n<p class=\"MsoNormal\" style=\"background: white none repeat scroll 0%;\"><span style=\"font-size: 9.5pt; font-family: Verdana;\">\u201cO M\u00e9xico tem uma produ\u00e7\u00e3o cient\u00edfica compar\u00e1vel \u00e0 brasileira, apesar de ter uma comunidade de pesquisadores menor. De modo geral, nos outros pa\u00edses do continente a produ\u00e7\u00e3o \u00e9 menos institucionalizada, o que faz com que o conhecimento gerado acabe ficando mais separado das aplica\u00e7\u00f5es pr\u00e1ticas da vida p\u00fablica. A produ\u00e7\u00e3o sobre a Am\u00e9rica Latina nos Estados Unidos, por outro lado, \u00e9 muito grande\u201d, afirma.<\/p>\n<p><strong>Associa\u00e7\u00e3o plural<\/strong><\/span><\/p>\n<p class=\"MsoNormal\" style=\"background: white none repeat scroll 0%;\"><span style=\"font-size: 9.5pt; font-family: Verdana;\">A escolha de Maria Herm\u00ednia foi feita pelos associados em vota\u00e7\u00e3o eletr\u00f4nica secreta. N\u00e3o h\u00e1 candidatura, explicou ela, uma vez que a comiss\u00e3o eleitoral, cujos nomes s\u00e3o indicados pela diretoria da entidade, seleciona apenas dois candidatos a serem submetidos \u00e0 aprecia\u00e7\u00e3o dos associados pela internet.<\/span><\/p>\n<p class=\"MsoNormal\" style=\"background: white none repeat scroll 0%;\"><span style=\"font-size: 9.5pt; font-family: Verdana;\">A Lasa tem como miss\u00e3o promover o debate intelectual, a pesquisa e o ensino sobre a Am\u00e9rica Latina e Caribe e seus povos que residem em todas as Am\u00e9ricas, al\u00e9m de promover os interesses de seu quadro de s\u00f3cios e incentivar a participa\u00e7\u00e3o desses por meio de uma rede de relacionamentos e debate p\u00fablico.<\/span><\/p>\n<p class=\"MsoNormal\" style=\"background: white none repeat scroll 0%;\"><span style=\"font-size: 9.5pt; font-family: Verdana;\">Segundo Maria Herm\u00ednia, trata-se de uma \u201cassocia\u00e7\u00e3o plural e de enorme diversidade de conhecimentos\u201d, tendo duas faces principais: uma mais acad\u00eamica e outra voltada para o debate p\u00fablico. \u201cPretendo fortalecer ainda mais as dimens\u00f5es acad\u00eamicas da Lasa, criando novos espa\u00e7os para a discuss\u00e3o, na universidade, de temas e quest\u00f5es multidisciplinares\u201d, afirmou.<\/span><\/p>\n<p class=\"MsoNormal\" style=\"background: white none repeat scroll 0%;\"><span style=\"font-size: 9.5pt; font-family: Verdana;\">\u201cIsso inclui os desafios metodol\u00f3gicos e de pesquisa para o tratamento dos processos e fen\u00f4menos da Am\u00e9rica Latina com base em uma \u00f3tica multidisciplinar, assuntos que, no meu ponto de vista, ainda s\u00e3o pouco tematizados no \u00e2mbito acad\u00eamico\u201d, disse.<\/span><\/p>\n<p class=\"MsoNormal\" style=\"background: white none repeat scroll 0%;\"><span style=\"font-size: 9.5pt; font-family: Verdana;\">\u201c\u00c9 preciso discutir, com os especialistas dos diversos pa\u00edses que integram a associa\u00e7\u00e3o, as fronteiras interdisciplinares que aproximam as ci\u00eancias pol\u00edticas do direito e da economia, por exemplo. Pretendo continuar cultivando tamb\u00e9m o di\u00e1logo, que tem sido muito nobre, entre os especialistas que est\u00e3o na Am\u00e9rica Latina e em outros continentes como o europeu\u201d, apontou.<\/span><\/p>\n<p class=\"MsoNormal\" style=\"background: white none repeat scroll 0%;\"><span style=\"font-size: 9.5pt; font-family: Verdana;\">Maria Herm\u00ednia \u00e9 diretora em exerc\u00edcio do Instituto de Rela\u00e7\u00f5es Internacionais (IRI) da USP, onde leciona no curso de gradua\u00e7\u00e3o de rela\u00e7\u00f5es internacionais, e tamb\u00e9m professora do Programa de P\u00f3s-Gradua\u00e7\u00e3o do Departamento de Ci\u00eancia Pol\u00edtica da FFLCH.<\/span><\/p>\n<p class=\"MsoNormal\" style=\"background: white none repeat scroll 0%;\"><span style=\"font-size: 9.5pt; font-family: Verdana;\">Graduada em ci\u00eancias sociais (1969), concluiu doutorado em ci\u00eancia pol\u00edtica (1979) pela USP e p\u00f3s-doutoramento na Universidade da Calif\u00f3rnia em Berkeley (1984).<\/span><\/p>\n<p class=\"MsoNormal\" style=\"background: white none repeat scroll 0%;\"><span style=\"font-size: 9.5pt; font-family: Verdana;\">Suas pesquisas enfocam principalmente as pol\u00edticas p\u00fablicas e as institui\u00e7\u00f5es pol\u00edticas brasileiras, especialmente estruturas federais e rela\u00e7\u00f5es intergovernamentais. \u00c9 autora do livro <em>Crise e Organiza\u00e7\u00e3o dos Interesses Econ\u00f4micos<\/em> pela Editora da USP (Edusp) e possui cerca de cem artigos publicados em livros e revistas acad\u00eamicas nacionais e internacionais. De 2003 a 2007 coordenou o Projeto Tem\u00e1tico \u201cDemocracia, pol\u00edtica e governo local\u201d, apoiado pela FAPESP.<\/span><\/p>\n<p class=\"MsoNormal\" style=\"background: white none repeat scroll 0%;\"><span style=\"font-size: 9.5pt; font-family: Verdana;\">Foi pesquisadora visitante no Instituto de Estudos Latino-Americanos da Universidade de Londres (1992), na Universidade de Stanford, nos Estados Unidos (1996), no Instituto Universitario de Investigaci\u00f3n Ortega y Gasset, na Espanha (1999, 2000 e 2002), e na Universidade de Montreal, no Canad\u00e1 (2006). Integrou ainda o Comit\u00ea Executivo da Lasa de 2001 a 2004 e foi presidente da Associa\u00e7\u00e3o Brasileira de Ci\u00eancia Pol\u00edtica entre 2006 e 2008.<\/span><\/p>\n<p class=\"MsoNormal\" style=\"background: white none repeat scroll 0%;\"><span style=\"font-size: 9.5pt; font-family: Verdana;\">Atualmente, \u00e9 membro do conselho consultivo do Woodrow Wilson International Center for Scholars, instituto voltado ao debate de pol\u00edticas p\u00fablicas para a inova\u00e7\u00e3o sediado em Washington, nos Estados Unidos, e membro da Comiss\u00e3o Executiva da Associa\u00e7\u00e3o Internacional de Ci\u00eancia Pol\u00edtica (IPSA, na sigla em ingl\u00eas), al\u00e9m de ter recebido, no Brasil, o t\u00edtulo da Ordem Nacional do M\u00e9rito Cient\u00edfico em 2006.<\/span><\/p>\n<p class=\"MsoNormal\" style=\"background: white none repeat scroll 0%;\"><span style=\"font-size: 9.5pt; font-family: Verdana;\">Mais informa\u00e7\u00f5es sobre a Lasa: <strong><a href=\"http:\/\/lasa.international.pitt.edu\/eng\/index.asp\" target=\"_blank\"><span style=\"color: #006699; text-decoration: none;\">http:\/\/lasa.international.pitt.edu\/eng\/index.asp<\/span><\/a><\/strong> <\/span><\/p>\n<p class=\"MsoNormal\" style=\"background: white none repeat scroll 0%;\"><strong><span style=\"font-size: 9.5pt; font-family: Verdana;\">Por Thiago Romero<\/span><\/strong><span style=\"font-size: 9.5pt; font-family: Verdana;\"><\/span><\/p>\n","protected":false},"excerpt":{"rendered":"<p>Ag\u00eancia FAPESP \u2013 Maria Herm\u00ednia Tavares de Almeida, professora titular da Faculdade de Filosofia, Letras e Ci\u00eancias Humanas (FFLCH) da Universidade de S\u00e3o Paulo (USP), foi eleita para a dire\u00e7\u00e3o da Latin American Studies Association (Lasa). Trata-se da primeira brasileira, e tamb\u00e9m a primeira latino-americana n\u00e3o-residente nos Estados Unidos, a assumir o cargo. Seguindo o [&hellip;]<\/p>\n","protected":false},"author":3,"featured_media":0,"comment_status":"open","ping_status":"open","sticky":false,"template":"","format":"standard","meta":{"tdm_status":"","tdm_grid_status":"","footnotes":""},"categories":[22],"tags":[],"class_list":{"0":"post-1166","1":"post","2":"type-post","3":"status-publish","4":"format-standard","6":"category-brasil"},"_links":{"self":[{"href":"https:\/\/migracao.redenoticia.com.br\/noticia\/wp-json\/wp\/v2\/posts\/1166","targetHints":{"allow":["GET"]}}],"collection":[{"href":"https:\/\/migracao.redenoticia.com.br\/noticia\/wp-json\/wp\/v2\/posts"}],"about":[{"href":"https:\/\/migracao.redenoticia.com.br\/noticia\/wp-json\/wp\/v2\/types\/post"}],"author":[{"embeddable":true,"href":"https:\/\/migracao.redenoticia.com.br\/noticia\/wp-json\/wp\/v2\/users\/3"}],"replies":[{"embeddable":true,"href":"https:\/\/migracao.redenoticia.com.br\/noticia\/wp-json\/wp\/v2\/comments?post=1166"}],"version-history":[{"count":0,"href":"https:\/\/migracao.redenoticia.com.br\/noticia\/wp-json\/wp\/v2\/posts\/1166\/revisions"}],"wp:attachment":[{"href":"https:\/\/migracao.redenoticia.com.br\/noticia\/wp-json\/wp\/v2\/media?parent=1166"}],"wp:term":[{"taxonomy":"category","embeddable":true,"href":"https:\/\/migracao.redenoticia.com.br\/noticia\/wp-json\/wp\/v2\/categories?post=1166"},{"taxonomy":"post_tag","embeddable":true,"href":"https:\/\/migracao.redenoticia.com.br\/noticia\/wp-json\/wp\/v2\/tags?post=1166"}],"curies":[{"name":"wp","href":"https:\/\/api.w.org\/{rel}","templated":true}]}}