{"id":116626,"date":"2017-07-10T00:04:48","date_gmt":"2017-07-10T03:04:48","guid":{"rendered":"https:\/\/www.redenoticia.com.br\/noticia\/?p=116626"},"modified":"2017-07-09T19:11:29","modified_gmt":"2017-07-09T22:11:29","slug":"cursos-gratuitos-no-projeto-guri-e-fabricas-de-cultura-sp","status":"publish","type":"post","link":"https:\/\/migracao.redenoticia.com.br\/noticia\/2017\/cursos-gratuitos-no-projeto-guri-e-fabricas-de-cultura-sp\/116626","title":{"rendered":"Cursos gratuitos no Projeto Guri e F\u00e1bricas de Cultura SP"},"content":{"rendered":"<p> As  e o  est\u00e3o com inscri\u00e7\u00f5es abertas para <strong><em>cursos gratuitos de forma\u00e7\u00e3o cultural<\/em><\/strong>. As atividades ser\u00e3o desenvolvidas no segundo semestre de 2017. S\u00e3o mais de mais de 15 mil vagas nas \u00e1reas de m\u00fasica, teatro, circo, dan\u00e7a e outras linguagens art\u00edsticas.<\/p>\n<p>Nas F\u00e1bricas de Cultura s\u00e3o oferecidas mais de 12 mil vagas nas dez unidades do programa, todas localizadas na cidade de S\u00e3o Paulo. Os cursos dos per\u00edodos da manh\u00e3 e tarde s\u00e3o voltados a crian\u00e7as e jovens de 8 a 21 anos. J\u00e1 as atividades do per\u00edodo noturno s\u00e3o recomendadas para adultos.<\/p>\n<p>Nas , as matr\u00edculas est\u00e3o abertas para atividades nas \u00e1reas de m\u00fasica, dan\u00e7a, teatro, circo, leitura e escrita criativa, artes visuais e multimeios. Est\u00e3o contempladas nessas regi\u00f5es as F\u00e1bricas de Vila Nova Cachoeirinha, Brasil\u00e2ndia, Ja\u00e7an\u00e3, Jardim S\u00e3o Lu\u00eds e Cap\u00e3o Redondo.<\/p>\n<p>Para fazer a inscri\u00e7\u00e3o \u00e9 preciso comparecer \u00e0 recep\u00e7\u00e3o da unidade em que deseja frequentar com um documento com foto. Menores de idade devem estar acompanhados por respons\u00e1vel.<\/p>\n<p>J\u00e1 nas , as vagas s\u00e3o para cursos de circo, dan\u00e7a, m\u00fasica, artes pl\u00e1sticas, multimeios, teatro e xadrez. As unidades da zona leste s\u00e3o: Parque Bel\u00e9m, Sapopemba, Vila Curu\u00e7\u00e1, Itaim Paulista e Cidade Tiradentes.<\/p>\n<p>Os interessados devem ir at\u00e9 a unidade de interesse at\u00e9 o dia 12 de julho e apresentar documento com foto e comprovante de resid\u00eancia. Menores de 14 devem ir acompanhados por respons\u00e1vel.<\/p>\n<p>Projeto Guri<br \/>\nPara os interessados nos cursos instrumentos musicais, canto coral e inicia\u00e7\u00e3o musical do Projeto Guri, as matr\u00edculas est\u00e3o abertas at\u00e9 dia 31 de julho. S\u00e3o 3.500 mil vagas dispon\u00edveis em 46 polos localizados na capital e regi\u00e3o metropolitana. Vale ressaltar que n\u00e3o \u00e9 preciso ter conhecimento pr\u00e9vio de m\u00fasica, nem possuir instrumento ou realizar testes seletivos.<\/p>\n<p>As atividades do Guri s\u00e3o realizadas na cidade de S\u00e3o Paulo e em cidades como Guarulhos, Santo Andr\u00e9, Osasco, Aruj\u00e1, Biritiba, Po\u00e1 e Guararema. Mais informa\u00e7\u00f5es sobre os cursos oferecidos e hor\u00e1rios das aulas est\u00e3o dispon\u00edveis em . O in\u00edcio das aulas ocorre de acordo com a data de matr\u00edcula de cada aluno.<\/p>\n<p>Para realizar a matr\u00edcula, \u00e9 preciso ter entre 6 e 18 anos incompletos e comparecer diretamente ao polo em que deseja estudar, acompanhado pelo respons\u00e1vel. Ser\u00e1 necess\u00e1rio os seguintes documentos: certid\u00e3o de nascimento ou RG do aluno (original e c\u00f3pia); comprovante de matr\u00edcula escolar e\/ou declara\u00e7\u00e3o de frequ\u00eancia escolar; RG do respons\u00e1vel (original e c\u00f3pia); e comprovante de endere\u00e7o.<\/p>\n<p>Do Portal do Governo SP<\/p>\n","protected":false},"excerpt":{"rendered":"<p>As e o est\u00e3o com inscri\u00e7\u00f5es abertas para cursos gratuitos de forma\u00e7\u00e3o cultural. As atividades ser\u00e3o desenvolvidas no segundo semestre de 2017. S\u00e3o mais de mais de 15 mil vagas nas \u00e1reas de m\u00fasica, teatro, circo, dan\u00e7a e outras linguagens art\u00edsticas. Nas F\u00e1bricas de Cultura s\u00e3o oferecidas mais de 12 mil vagas nas dez unidades [&hellip;]<\/p>\n","protected":false},"author":2,"featured_media":27918,"comment_status":"open","ping_status":"closed","sticky":false,"template":"","format":"standard","meta":{"tdm_status":"","tdm_grid_status":"","footnotes":""},"categories":[22,351,370],"tags":[],"class_list":{"0":"post-116626","1":"post","2":"type-post","3":"status-publish","4":"format-standard","5":"has-post-thumbnail","7":"category-brasil","8":"category-cursos","9":"category-inscricao"},"_links":{"self":[{"href":"https:\/\/migracao.redenoticia.com.br\/noticia\/wp-json\/wp\/v2\/posts\/116626","targetHints":{"allow":["GET"]}}],"collection":[{"href":"https:\/\/migracao.redenoticia.com.br\/noticia\/wp-json\/wp\/v2\/posts"}],"about":[{"href":"https:\/\/migracao.redenoticia.com.br\/noticia\/wp-json\/wp\/v2\/types\/post"}],"author":[{"embeddable":true,"href":"https:\/\/migracao.redenoticia.com.br\/noticia\/wp-json\/wp\/v2\/users\/2"}],"replies":[{"embeddable":true,"href":"https:\/\/migracao.redenoticia.com.br\/noticia\/wp-json\/wp\/v2\/comments?post=116626"}],"version-history":[{"count":0,"href":"https:\/\/migracao.redenoticia.com.br\/noticia\/wp-json\/wp\/v2\/posts\/116626\/revisions"}],"wp:featuredmedia":[{"embeddable":true,"href":"https:\/\/migracao.redenoticia.com.br\/noticia\/wp-json\/wp\/v2\/media\/27918"}],"wp:attachment":[{"href":"https:\/\/migracao.redenoticia.com.br\/noticia\/wp-json\/wp\/v2\/media?parent=116626"}],"wp:term":[{"taxonomy":"category","embeddable":true,"href":"https:\/\/migracao.redenoticia.com.br\/noticia\/wp-json\/wp\/v2\/categories?post=116626"},{"taxonomy":"post_tag","embeddable":true,"href":"https:\/\/migracao.redenoticia.com.br\/noticia\/wp-json\/wp\/v2\/tags?post=116626"}],"curies":[{"name":"wp","href":"https:\/\/api.w.org\/{rel}","templated":true}]}}