{"id":116666,"date":"2017-07-08T00:06:09","date_gmt":"2017-07-08T03:06:09","guid":{"rendered":"https:\/\/www.redenoticia.com.br\/noticia\/?p=116666"},"modified":"2017-07-07T17:30:38","modified_gmt":"2017-07-07T20:30:38","slug":"resumo-novela-carinha-de-anjo-1007-cecilia-e-inacio-querem-fazer-uma-festa-surpresa-para-a-dulce","status":"publish","type":"post","link":"https:\/\/migracao.redenoticia.com.br\/noticia\/2017\/resumo-novela-carinha-de-anjo-1007-cecilia-e-inacio-querem-fazer-uma-festa-surpresa-para-a-dulce\/116666","title":{"rendered":"Resumo novela \u201cCarinha de Anjo\u201d 10\/07: Cec\u00edlia e In\u00e1cio planejam festa para Dulce"},"content":{"rendered":"<p><img loading=\"lazy\" decoding=\"async\" class=\"alignleft size-thumbnail wp-image-99331\" src=\"https:\/\/migracao.redenoticia.com.br\/noticia\/imagens\/carinha_de_anjo_sbt_novela_resumo_capitulo-150x112.jpg\" alt=\"carinha_de_anjo_sbt_novela_resumo_capitulo\" width=\"150\" height=\"112\" srcset=\"https:\/\/migracao.redenoticia.com.br\/noticia\/imagens\/carinha_de_anjo_sbt_novela_resumo_capitulo-150x112.jpg 150w, https:\/\/migracao.redenoticia.com.br\/noticia\/imagens\/carinha_de_anjo_sbt_novela_resumo_capitulo-265x198.jpg 265w\" sizes=\"auto, (max-width: 150px) 100vw, 150px\" \/><strong><em>Resumo novela \u201cCarinha de Anjo\u201d 10\/07<\/em><\/strong>: no cap\u00edtulo 166(*) da novela \u201cCarinha de Anjo\u201d, resumo de segunda-feira, 10 de julho, Silvana diz para F\u00e1tima que Fl\u00e1vio est\u00e1 sofrendo e que ela deveria dar uma chance ao irm\u00e3o de Nicole. Crist\u00f3v\u00e3o escuta tudo e tenta consolar F\u00e1tima que prefere n\u00e3o contar nada sobre o ocorrido por ter sido humilhada. Estef\u00e2nia e Padre Gabriel pedem para a novi\u00e7a Cec\u00edlia animar Dulce Maria devido ao fato de Gustavo n\u00e3o voltar de viagem a tempo da festa da filha. Em\u00edlio conta para Juju que Silvestre n\u00e3o acredita que Franciely est\u00e1 sentindo sua falta. Juju decide gravar um v\u00eddeo da mulher para provar que o sentimento dela \u00e9 verdadeiro. Madre tenta convencer Dulce a n\u00e3o desistir da festa de anivers\u00e1rio. Crist\u00f3v\u00e3o diz para Silvana avisar Fl\u00e1vio para ficar longe de F\u00e1tima. Silvestre faz entrevista com candidatas para substituir Franciely. Cec\u00edlia e In\u00e1cio conversam com a Madre Superiora para que ela libere eles de fazerem uma festa surpresa para a Dulce Maria no col\u00e9gio. B\u00e1rbara e Frida veem os meninos no col\u00e9gio e a irm\u00e3 Luzia sugere que elas pe\u00e7am para que os pais delas as busquem mais cedo para verem os garotos, que s\u00e3o proibidos de frequentar a escola.<\/p>\n<p>(*) edi\u00e7\u00e3o do SBT, Novela \u201cCarinha de Anjo\u201d, sujeito a altera\u00e7\u00e3o de data e conte\u00fado.<\/p>\n<p>Carinha de Anjo \u00e9 uma telenovela brasileira produzida e exibida originalmente pelo SBT desde o dia 21 de novembro de 2016, substituindo o hor\u00e1rio anteriormente ocupado por C\u00famplices de um Resgate. A telenovela \u00e9 inspirada na mexicana Carita de \u00e1ngel, que, por sua vez, \u00e9 um remake de Mundo de juguete, ambas produzidas pela Televisa e que haviam sido baseadas na trama argentina escrita por Abel Santa Cruz, Pap\u00e1 coraz\u00f3n. Esta ser\u00e1 a segunda adapta\u00e7\u00e3o brasileira da obra original argentina, visto que a Rede Tupi apresentou em 1976 a sua primeira vers\u00e3o, chamada de Papai Cora\u00e7\u00e3o. A nova vers\u00e3o \u00e9 escrita por Leonor Corr\u00eaa, com supervis\u00e3o de \u00cdris Abravanel e dire\u00e7\u00e3o geral de Ricardo Mantoanelli. A trama conta com Lorena Queiroz, Bia Arantes, Carlo Porto, Priscila Sol, Dani Gondim, Karin Hils, Eliana Guttman e Lucero nos pap\u00e9is principais.<\/p>\n","protected":false},"excerpt":{"rendered":"<p>Resumo novela \u201cCarinha de Anjo\u201d 10\/07: no cap\u00edtulo 166(*) da novela \u201cCarinha de Anjo\u201d, resumo de segunda-feira, 10 de julho, Silvana diz para F\u00e1tima que Fl\u00e1vio est\u00e1 sofrendo e que ela deveria dar uma chance ao irm\u00e3o de Nicole. Crist\u00f3v\u00e3o escuta tudo e tenta consolar F\u00e1tima que prefere n\u00e3o contar nada sobre o ocorrido por [&hellip;]<\/p>\n","protected":false},"author":4,"featured_media":99331,"comment_status":"open","ping_status":"closed","sticky":false,"template":"","format":"standard","meta":{"tdm_status":"","tdm_grid_status":"","footnotes":""},"categories":[452,379,372,343],"tags":[441],"class_list":{"0":"post-116666","1":"post","2":"type-post","3":"status-publish","4":"format-standard","5":"has-post-thumbnail","7":"category-carinha-de-anjo","8":"category-novelas","9":"category-sbt","10":"category-televisao","11":"tag-resumo-do-dia"},"_links":{"self":[{"href":"https:\/\/migracao.redenoticia.com.br\/noticia\/wp-json\/wp\/v2\/posts\/116666","targetHints":{"allow":["GET"]}}],"collection":[{"href":"https:\/\/migracao.redenoticia.com.br\/noticia\/wp-json\/wp\/v2\/posts"}],"about":[{"href":"https:\/\/migracao.redenoticia.com.br\/noticia\/wp-json\/wp\/v2\/types\/post"}],"author":[{"embeddable":true,"href":"https:\/\/migracao.redenoticia.com.br\/noticia\/wp-json\/wp\/v2\/users\/4"}],"replies":[{"embeddable":true,"href":"https:\/\/migracao.redenoticia.com.br\/noticia\/wp-json\/wp\/v2\/comments?post=116666"}],"version-history":[{"count":0,"href":"https:\/\/migracao.redenoticia.com.br\/noticia\/wp-json\/wp\/v2\/posts\/116666\/revisions"}],"wp:featuredmedia":[{"embeddable":true,"href":"https:\/\/migracao.redenoticia.com.br\/noticia\/wp-json\/wp\/v2\/media\/99331"}],"wp:attachment":[{"href":"https:\/\/migracao.redenoticia.com.br\/noticia\/wp-json\/wp\/v2\/media?parent=116666"}],"wp:term":[{"taxonomy":"category","embeddable":true,"href":"https:\/\/migracao.redenoticia.com.br\/noticia\/wp-json\/wp\/v2\/categories?post=116666"},{"taxonomy":"post_tag","embeddable":true,"href":"https:\/\/migracao.redenoticia.com.br\/noticia\/wp-json\/wp\/v2\/tags?post=116666"}],"curies":[{"name":"wp","href":"https:\/\/api.w.org\/{rel}","templated":true}]}}