{"id":116668,"date":"2017-07-08T00:07:23","date_gmt":"2017-07-08T03:07:23","guid":{"rendered":"https:\/\/www.redenoticia.com.br\/noticia\/?p=116668"},"modified":"2017-07-07T17:30:48","modified_gmt":"2017-07-07T20:30:48","slug":"resumo-novela-chiquititas-1007-na-amazonia-junior-e-sequestrado","status":"publish","type":"post","link":"https:\/\/migracao.redenoticia.com.br\/noticia\/2017\/resumo-novela-chiquititas-1007-na-amazonia-junior-e-sequestrado\/116668","title":{"rendered":"Resumo novela \u201cChiquititas\u201d 10\/07:  J\u00fanior \u00e9 sequestrado"},"content":{"rendered":"<p><img loading=\"lazy\" decoding=\"async\" class=\"alignleft size-thumbnail wp-image-49690\" src=\"https:\/\/migracao.redenoticia.com.br\/noticia\/imagens\/chiquititas1-150x112.jpg\" alt=\"chiquititas\" width=\"150\" height=\"112\" \/><strong><em>Resumo novela \u201cChiquititas\u201d 10\/07<\/em><\/strong>: no cap\u00edtulo 215(*) da novela \u201cChiquititas\u201d, resumo de segunda-feira, 10 de julho, Gabriela acorda. Elisa explica que lhe encontrou ca\u00edda na mata, sozinha. Joaquim, esposo de Elisa, pergunta quem ela \u00e9, mas Gabriela diz que n\u00e3o sabe qual seu nome e que n\u00e3o se lembra de nada. As crian\u00e7as brincam \u2013 escondidos \u2013 na piscina do novo vizinho do orfanato. Junior vai at\u00e9 o local onde aconteceu o acidente de Miguel, na mata Amaz\u00f4nica, acompanhado do piloto do helic\u00f3ptero (at\u00e9 ent\u00e3o \u00fanico sobrevivente) Raul. Carmen escuta Jos\u00e9 Ricardo falar com Valentina sobre revisar o testamento. A vil\u00e3 fica curiosa. Dani, que est\u00e1 numa cadeira de rodas, tenta descer a escada sozinha e quase cai. Carol aparece e ajuda a menina. As chiquititas escutam algu\u00e9m chegar na mans\u00e3o e saem correndo da piscina. Na mata, Raul diz: \u201cQuem mandou voc\u00ea desenterrar os mortos? Agora pagar\u00e1 o pre\u00e7o!\u201d. Tr\u00eas homens levam a for\u00e7a Junior. Maria volta a mans\u00e3o do vizinho para pegar a Boneca Laura, que esqueceu l\u00e1. Maria se esconde. As pessoas que haviam entrado no local s\u00e3o os mesmos ladr\u00f5es que est\u00e3o roubando mans\u00f5es na vizinhan\u00e7a e que Duda e Mili entraram na ca\u00e7amba do caminh\u00e3o quando fugiram nos cap\u00edtulos anteriores. Os ladr\u00f5es encontram Maria e jogam a boneca Laura na piscina antes de fugir. Maria pula na piscina e se afoga. Jo\u00e3o Pedro (Ren\u00ea Thristan) e Heitor (Osvaldo Romano), seu pai, novos vizinhos do orfanato, encontram Maria e lhe salvam. Heitor leva Maria de volta ao orfanato e diz que sabe que mais crian\u00e7as invadiram a casa e que tamb\u00e9m sumiram com v\u00e1rias coisas, entre elas, um rel\u00f3gio valioso de seu filho. As chiquititas explicam que n\u00e3o roubaram nada, mas Heitor n\u00e3o acredita. O homem diz que dar\u00e1 um tempo para eles repensarem e devolverem o objeto. Junior est\u00e1 preso por um grupo em plena floresta Amaz\u00f4nica. Carmem manda Armando descobrir o conte\u00fado do novo testamento de Jos\u00e9 Ricardo. Maria tenta contar para Carol o que aconteceu no vizinho, mas como n\u00e3o fala, n\u00e3o consegue se expressar atrav\u00e9s da m\u00edmica. Fernando faz fisioterapia de Dani e percebe que a menina passou a mexer os dedos. Os dois mostram pra Carol que fica alegre. Fernando convida Carol para um novo encontro.<\/p>\n<p>(*) edi\u00e7\u00e3o do SBT, Novela \u201cChiquititas\u201d, sujeito a altera\u00e7\u00e3o de data e conte\u00fado.<\/p>\n<p>Chiquititas gira em torno do orfanato Raio de Luz, que carrega em sua hist\u00f3ria um grande segredo envolvendo a fam\u00edlia e o dono do orfanato, Dr. Jos\u00e9 Ricardo Almeida Campos. Em um per\u00edodo anterior \u00e0 novela, exatos treze anos, sua filha Gabriela se apaixonou e ficou gr\u00e1vida de Miguel, filho de Valentina, empregada da casa dos Almeida Campos. Pouco depois, Jos\u00e9 Ricardo sequestrou sua neta, pois, como um homem conservador, ele n\u00e3o aceitava a ideia de que sua filha se envolvesse com um empregado. Como sua neta, Milena, apelidada como Mili, precisava de um lugar para morar, ele comprou um casar\u00e3o e fundou um orfanato, o Raio de Luz. Mili cresceu l\u00e1 com outras garotas que chegaram posteriormente: Bia, Ana, as irm\u00e3s Tati e Vivi, e Cris. Ao decorrer dos anos, elas se tornam uma fam\u00edlia. Elas s\u00e3o supervisionadas por Ernestina, zeladora do orfanato, e Chico, o cozinheiro amado pelas internas. Sofia, ex-governanta da fam\u00edlia Almeida Campos, \u00e9 a diretora do lugar, at\u00e9 que Carmem, irm\u00e3 de Jos\u00e9 Ricardo, entre em seu lugar. Chegam ainda mais \u00f3rf\u00e3os: Pata, Mosca, Binho e Rafa, que viviam nas ruas antes de entrarem na institui\u00e7\u00e3o. Pata e Mili tornam-se amigas rapidamente, enquanto Mosca, Binho e Rafa s\u00e3o os primeiros garotos a entrar no abrigo. As crian\u00e7as sem-teto foram ajudadas por uma doce e bela garota que tocam e mudam a vida delas, assim como as das garotas \u00f3rf\u00e3s.<\/p>\n","protected":false},"excerpt":{"rendered":"<p>Resumo novela \u201cChiquititas\u201d 10\/07: no cap\u00edtulo 215(*) da novela \u201cChiquititas\u201d, resumo de segunda-feira, 10 de julho, Gabriela acorda. Elisa explica que lhe encontrou ca\u00edda na mata, sozinha. Joaquim, esposo de Elisa, pergunta quem ela \u00e9, mas Gabriela diz que n\u00e3o sabe qual seu nome e que n\u00e3o se lembra de nada. As crian\u00e7as brincam \u2013 [&hellip;]<\/p>\n","protected":false},"author":4,"featured_media":49690,"comment_status":"open","ping_status":"closed","sticky":false,"template":"","format":"standard","meta":{"tdm_status":"","tdm_grid_status":"","footnotes":""},"categories":[409,379,372,343],"tags":[441],"class_list":{"0":"post-116668","1":"post","2":"type-post","3":"status-publish","4":"format-standard","5":"has-post-thumbnail","7":"category-chiquititas","8":"category-novelas","9":"category-sbt","10":"category-televisao","11":"tag-resumo-do-dia"},"_links":{"self":[{"href":"https:\/\/migracao.redenoticia.com.br\/noticia\/wp-json\/wp\/v2\/posts\/116668","targetHints":{"allow":["GET"]}}],"collection":[{"href":"https:\/\/migracao.redenoticia.com.br\/noticia\/wp-json\/wp\/v2\/posts"}],"about":[{"href":"https:\/\/migracao.redenoticia.com.br\/noticia\/wp-json\/wp\/v2\/types\/post"}],"author":[{"embeddable":true,"href":"https:\/\/migracao.redenoticia.com.br\/noticia\/wp-json\/wp\/v2\/users\/4"}],"replies":[{"embeddable":true,"href":"https:\/\/migracao.redenoticia.com.br\/noticia\/wp-json\/wp\/v2\/comments?post=116668"}],"version-history":[{"count":0,"href":"https:\/\/migracao.redenoticia.com.br\/noticia\/wp-json\/wp\/v2\/posts\/116668\/revisions"}],"wp:featuredmedia":[{"embeddable":true,"href":"https:\/\/migracao.redenoticia.com.br\/noticia\/wp-json\/wp\/v2\/media\/49690"}],"wp:attachment":[{"href":"https:\/\/migracao.redenoticia.com.br\/noticia\/wp-json\/wp\/v2\/media?parent=116668"}],"wp:term":[{"taxonomy":"category","embeddable":true,"href":"https:\/\/migracao.redenoticia.com.br\/noticia\/wp-json\/wp\/v2\/categories?post=116668"},{"taxonomy":"post_tag","embeddable":true,"href":"https:\/\/migracao.redenoticia.com.br\/noticia\/wp-json\/wp\/v2\/tags?post=116668"}],"curies":[{"name":"wp","href":"https:\/\/api.w.org\/{rel}","templated":true}]}}