{"id":116674,"date":"2017-07-08T16:36:35","date_gmt":"2017-07-08T19:36:35","guid":{"rendered":"https:\/\/www.redenoticia.com.br\/noticia\/?p=116674"},"modified":"2017-07-07T17:18:36","modified_gmt":"2017-07-07T20:18:36","slug":"resumo-novela-novo-mundo-1007-anna-conta-a-joaquim-que-vitoria-e-sua-filha","status":"publish","type":"post","link":"https:\/\/migracao.redenoticia.com.br\/noticia\/2017\/resumo-novela-novo-mundo-1007-anna-conta-a-joaquim-que-vitoria-e-sua-filha\/116674","title":{"rendered":"Resumo novela \u201cNovo Mundo\u201d 10\/07: Anna conta a Joaquim que Vit\u00f3ria \u00e9 sua filha"},"content":{"rendered":"<p><img loading=\"lazy\" decoding=\"async\" class=\"alignleft size-thumbnail wp-image-107950\" src=\"https:\/\/migracao.redenoticia.com.br\/noticia\/imagens\/novo_mundo_novela_resumo_globo-150x112.jpg\" alt=\"\" width=\"150\" height=\"112\" srcset=\"https:\/\/migracao.redenoticia.com.br\/noticia\/imagens\/novo_mundo_novela_resumo_globo-150x112.jpg 150w, https:\/\/migracao.redenoticia.com.br\/noticia\/imagens\/novo_mundo_novela_resumo_globo-265x198.jpg 265w\" sizes=\"auto, (max-width: 150px) 100vw, 150px\" \/><strong><em>Resumo novela \u201cNovo Mundo\u201d 10\/07<\/em><\/strong>: no cap\u00edtulo 095(*) da novela \u201cNovo Mundo\u201d, resumo de segunda-feira, 10 de julho, Anna revela a Joaquim que descobriu por que Thomas quis se casar com ela. Liu se encontra com Fred. Piat\u00e3 aconselha Anna a contar que Joaquim \u00e9 o pai de Vit\u00f3ria. Ubirajara teme pela seguran\u00e7a da aldeia. O comiss\u00e1rio Eg\u00eddio suspende as buscas por Anna e Vit\u00f3ria, e Thomas fica furioso. Hugo se preocupa com Elvira. Domitila descobre quem \u00e9 Isaura. Thomas paga Patr\u00edcio para contar para ele tudo o que acontece no Pal\u00e1cio. Wolfgang e Diara levam Ferdinando para se hospedar na Taberna. Matias ajuda Cec\u00edlia e Lib\u00e9rio a se corresponderem. Domitila intima Dom Pedro a comparecer a um sarau que far\u00e1 em sua homenagem. Piat\u00e3 e Jacira se beijam. Thomas descobre a localiza\u00e7\u00e3o da aldeia Tucar\u00e9. Wolfgang reencontra Greta e Schultz. Anna conta a Joaquim que Vit\u00f3ria \u00e9 sua filha.<\/p>\n<p>(*) edi\u00e7\u00e3o da Rede Globo, Novela \u201cNovo Mundo\u201d, sujeito a altera\u00e7\u00e3o de data e conte\u00fado.<\/p>\n<p>Novo Mundo \u00e9 uma telenovela brasileira produzida pela Rede Globo. Escrita por Thereza Falc\u00e3o e Alessandro Marson, conta com dire\u00e7\u00e3o art\u00edstica de Vin\u00edcius Coimbra. Conta com as participa\u00e7\u00f5es de Isabelle Drummond, Chay Suede, Caio Castro, Let\u00edcia Colin, Leo Jaime, D\u00e9bora Olivieri, Rodrigo Simas, Giullia Buscacio, Vivianne Pasmanter, Guilherme Piva, R\u00f4mulo Estrela, Agatha Moreira, Luisa Micheletti, Gabriel Braga Nunes, e Ingrid Guimar\u00e3es.<\/p>\n","protected":false},"excerpt":{"rendered":"<p>Resumo novela \u201cNovo Mundo\u201d 10\/07: no cap\u00edtulo 095(*) da novela \u201cNovo Mundo\u201d, resumo de segunda-feira, 10 de julho, Anna revela a Joaquim que descobriu por que Thomas quis se casar com ela. Liu se encontra com Fred. Piat\u00e3 aconselha Anna a contar que Joaquim \u00e9 o pai de Vit\u00f3ria. Ubirajara teme pela seguran\u00e7a da aldeia. [&hellip;]<\/p>\n","protected":false},"author":4,"featured_media":107950,"comment_status":"open","ping_status":"closed","sticky":false,"template":"","format":"standard","meta":{"tdm_status":"","tdm_grid_status":"","footnotes":""},"categories":[379,375,343],"tags":[441],"class_list":{"0":"post-116674","1":"post","2":"type-post","3":"status-publish","4":"format-standard","5":"has-post-thumbnail","7":"category-novelas","8":"category-rede-globo","9":"category-televisao","10":"tag-resumo-do-dia"},"_links":{"self":[{"href":"https:\/\/migracao.redenoticia.com.br\/noticia\/wp-json\/wp\/v2\/posts\/116674","targetHints":{"allow":["GET"]}}],"collection":[{"href":"https:\/\/migracao.redenoticia.com.br\/noticia\/wp-json\/wp\/v2\/posts"}],"about":[{"href":"https:\/\/migracao.redenoticia.com.br\/noticia\/wp-json\/wp\/v2\/types\/post"}],"author":[{"embeddable":true,"href":"https:\/\/migracao.redenoticia.com.br\/noticia\/wp-json\/wp\/v2\/users\/4"}],"replies":[{"embeddable":true,"href":"https:\/\/migracao.redenoticia.com.br\/noticia\/wp-json\/wp\/v2\/comments?post=116674"}],"version-history":[{"count":0,"href":"https:\/\/migracao.redenoticia.com.br\/noticia\/wp-json\/wp\/v2\/posts\/116674\/revisions"}],"wp:featuredmedia":[{"embeddable":true,"href":"https:\/\/migracao.redenoticia.com.br\/noticia\/wp-json\/wp\/v2\/media\/107950"}],"wp:attachment":[{"href":"https:\/\/migracao.redenoticia.com.br\/noticia\/wp-json\/wp\/v2\/media?parent=116674"}],"wp:term":[{"taxonomy":"category","embeddable":true,"href":"https:\/\/migracao.redenoticia.com.br\/noticia\/wp-json\/wp\/v2\/categories?post=116674"},{"taxonomy":"post_tag","embeddable":true,"href":"https:\/\/migracao.redenoticia.com.br\/noticia\/wp-json\/wp\/v2\/tags?post=116674"}],"curies":[{"name":"wp","href":"https:\/\/api.w.org\/{rel}","templated":true}]}}