{"id":116738,"date":"2017-07-10T00:05:36","date_gmt":"2017-07-10T03:05:36","guid":{"rendered":"https:\/\/www.redenoticia.com.br\/noticia\/?p=116738"},"modified":"2017-07-09T19:13:08","modified_gmt":"2017-07-09T22:13:08","slug":"iea-recebe-inscricoes-para-a-3a-intercontinental-academia","status":"publish","type":"post","link":"https:\/\/migracao.redenoticia.com.br\/noticia\/2017\/iea-recebe-inscricoes-para-a-3a-intercontinental-academia\/116738","title":{"rendered":"IEA recebe inscri\u00e7\u00f5es para a 3\u00aa Intercontinental Academia"},"content":{"rendered":"<p> Ag\u00eancia FAPESP \u2013 Os institutos de estudos avan\u00e7ados da  e da  est\u00e3o selecionando jovens pesquisadores para participarem da 3\u00aa edi\u00e7\u00e3o da <strong><em>Intercontinental Academia<\/em><\/strong>, iniciativa da rede Ubias, que congrega institutos de estudos avan\u00e7ados baseados em universidades de todo o mundo.<\/p>\n<p>Orientados pelo tema \u201cRigidez e din\u00e2mica das leis\u201d, os encontros ocorrer\u00e3o de 19 a 28 de mar\u00e7o de 2018 em Cingapura e em mar\u00e7o de 2019 em Birmingham, no Reino Unido.<\/p>\n<p>Como membro da Ubias, o Instituto de Estudos Avan\u00e7ados da Universidade de S\u00e3o Paulo (IEA-USP) indicar\u00e1 um pesquisador para a sele\u00e7\u00e3o final, que ser\u00e1 conduzida pelos organizadores desta edi\u00e7\u00e3o. Caso seja selecionado, o Instituto cobrir\u00e1 os custos de passagem \u2013 acomoda\u00e7\u00e3o e gastos no local ser\u00e3o bancados pelos organizadores.<\/p>\n<p>Para se candidatar, os interessados devem enviar e-mail para ica_iea@usp.br at\u00e9 o dia 6 de agosto com os seguintes documentos e informa\u00e7\u00f5es, todos em ingl\u00eas: resumo de seus interesses no tema, suas expectativas e uma apresenta\u00e7\u00e3o do projeto que explique como poder\u00e3o contribuir para a Intercontinental Academia e curr\u00edculo atualizado.<\/p>\n<p>Os candidatos devem ter conclu\u00eddo o doutorado h\u00e1 at\u00e9 15 anos e realizar pesquisa na academia, ind\u00fastria, no terceiro setor ou em outras organiza\u00e7\u00f5es. Todos devem ser fluentes em ingl\u00eas, capazes de explorar ideias sobre o tema fora de seu campo de estudos e desafiar l\u00edderes mundiais das respectivas \u00e1reas de conhecimento.<\/p>\n<p>Para mais informa\u00e7\u00f5es acesse: .<\/p>\n","protected":false},"excerpt":{"rendered":"<p>Ag\u00eancia FAPESP \u2013 Os institutos de estudos avan\u00e7ados da e da est\u00e3o selecionando jovens pesquisadores para participarem da 3\u00aa edi\u00e7\u00e3o da Intercontinental Academia, iniciativa da rede Ubias, que congrega institutos de estudos avan\u00e7ados baseados em universidades de todo o mundo. Orientados pelo tema \u201cRigidez e din\u00e2mica das leis\u201d, os encontros ocorrer\u00e3o de 19 a 28 [&hellip;]<\/p>\n","protected":false},"author":2,"featured_media":36246,"comment_status":"open","ping_status":"closed","sticky":false,"template":"","format":"standard","meta":{"tdm_status":"","tdm_grid_status":"","footnotes":""},"categories":[22,351,370],"tags":[],"class_list":{"0":"post-116738","1":"post","2":"type-post","3":"status-publish","4":"format-standard","5":"has-post-thumbnail","7":"category-brasil","8":"category-cursos","9":"category-inscricao"},"_links":{"self":[{"href":"https:\/\/migracao.redenoticia.com.br\/noticia\/wp-json\/wp\/v2\/posts\/116738","targetHints":{"allow":["GET"]}}],"collection":[{"href":"https:\/\/migracao.redenoticia.com.br\/noticia\/wp-json\/wp\/v2\/posts"}],"about":[{"href":"https:\/\/migracao.redenoticia.com.br\/noticia\/wp-json\/wp\/v2\/types\/post"}],"author":[{"embeddable":true,"href":"https:\/\/migracao.redenoticia.com.br\/noticia\/wp-json\/wp\/v2\/users\/2"}],"replies":[{"embeddable":true,"href":"https:\/\/migracao.redenoticia.com.br\/noticia\/wp-json\/wp\/v2\/comments?post=116738"}],"version-history":[{"count":0,"href":"https:\/\/migracao.redenoticia.com.br\/noticia\/wp-json\/wp\/v2\/posts\/116738\/revisions"}],"wp:featuredmedia":[{"embeddable":true,"href":"https:\/\/migracao.redenoticia.com.br\/noticia\/wp-json\/wp\/v2\/media\/36246"}],"wp:attachment":[{"href":"https:\/\/migracao.redenoticia.com.br\/noticia\/wp-json\/wp\/v2\/media?parent=116738"}],"wp:term":[{"taxonomy":"category","embeddable":true,"href":"https:\/\/migracao.redenoticia.com.br\/noticia\/wp-json\/wp\/v2\/categories?post=116738"},{"taxonomy":"post_tag","embeddable":true,"href":"https:\/\/migracao.redenoticia.com.br\/noticia\/wp-json\/wp\/v2\/tags?post=116738"}],"curies":[{"name":"wp","href":"https:\/\/api.w.org\/{rel}","templated":true}]}}