{"id":116740,"date":"2017-07-10T00:06:13","date_gmt":"2017-07-10T03:06:13","guid":{"rendered":"https:\/\/www.redenoticia.com.br\/noticia\/?p=116740"},"modified":"2017-07-09T19:14:32","modified_gmt":"2017-07-09T22:14:32","slug":"unicamp-abrira-inscricao-para-pos-em-arquitetura-tecnologia-e-cidade-2","status":"publish","type":"post","link":"https:\/\/migracao.redenoticia.com.br\/noticia\/2017\/unicamp-abrira-inscricao-para-pos-em-arquitetura-tecnologia-e-cidade-2\/116740","title":{"rendered":"Unicamp abrir\u00e1 inscri\u00e7\u00e3o para P\u00f3s em Arquitetura, Tecnologia e Cidade"},"content":{"rendered":"<p> Ag\u00eancia FAPESP \u2013 O Programa de P\u00f3s-Gradua\u00e7\u00e3o em Arquitetura, Tecnologia e Cidade da Faculdade de Engenharia Civil, Arquitetura e Urbanismo da Universidade Estadual de Campinas (Unicamp) abrir\u00e1 inscri\u00e7\u00e3o para a sele\u00e7\u00e3o de candidatos ao <strong><em>Mestrado e Doutorado<\/em><\/strong> stricto sensu entre os dias 1\u00ba e 24 de agosto.<\/p>\n<p>Para o processo seletivo 2018 o programa disp\u00f5e de, no m\u00e1ximo, 80 vagas.<\/p>\n<p>O programa visa a forma\u00e7\u00e3o avan\u00e7ada de pesquisadores e professores, estimulando estudos e pesquisas de car\u00e1ter multidisciplinar, que interessam \u00e0s diversas escalas, valores e complexidades do ambiente constru\u00eddo.<\/p>\n<p>O programa busca ampliar a proposi\u00e7\u00e3o, desenvolvimento e aprofundamento de interfaces entre \u00e1reas como ci\u00eancias sociais aplicadas, engenharias, artes e outros campos do conhecimento que confluam para a reflex\u00e3o te\u00f3rica-conceitual e para o aperfei\u00e7oamento das tecnologias, m\u00e9todos e pr\u00e1ticas de projetos de interesse da arquitetura e do urbanismo.<\/p>\n<p>O Edital do Processo Seletivo pode ser acessado no: .<\/p>\n","protected":false},"excerpt":{"rendered":"<p>Ag\u00eancia FAPESP \u2013 O Programa de P\u00f3s-Gradua\u00e7\u00e3o em Arquitetura, Tecnologia e Cidade da Faculdade de Engenharia Civil, Arquitetura e Urbanismo da Universidade Estadual de Campinas (Unicamp) abrir\u00e1 inscri\u00e7\u00e3o para a sele\u00e7\u00e3o de candidatos ao Mestrado e Doutorado stricto sensu entre os dias 1\u00ba e 24 de agosto. Para o processo seletivo 2018 o programa disp\u00f5e [&hellip;]<\/p>\n","protected":false},"author":2,"featured_media":34681,"comment_status":"open","ping_status":"closed","sticky":false,"template":"","format":"standard","meta":{"tdm_status":"","tdm_grid_status":"","footnotes":""},"categories":[22,351,370],"tags":[],"class_list":{"0":"post-116740","1":"post","2":"type-post","3":"status-publish","4":"format-standard","5":"has-post-thumbnail","7":"category-brasil","8":"category-cursos","9":"category-inscricao"},"_links":{"self":[{"href":"https:\/\/migracao.redenoticia.com.br\/noticia\/wp-json\/wp\/v2\/posts\/116740","targetHints":{"allow":["GET"]}}],"collection":[{"href":"https:\/\/migracao.redenoticia.com.br\/noticia\/wp-json\/wp\/v2\/posts"}],"about":[{"href":"https:\/\/migracao.redenoticia.com.br\/noticia\/wp-json\/wp\/v2\/types\/post"}],"author":[{"embeddable":true,"href":"https:\/\/migracao.redenoticia.com.br\/noticia\/wp-json\/wp\/v2\/users\/2"}],"replies":[{"embeddable":true,"href":"https:\/\/migracao.redenoticia.com.br\/noticia\/wp-json\/wp\/v2\/comments?post=116740"}],"version-history":[{"count":0,"href":"https:\/\/migracao.redenoticia.com.br\/noticia\/wp-json\/wp\/v2\/posts\/116740\/revisions"}],"wp:featuredmedia":[{"embeddable":true,"href":"https:\/\/migracao.redenoticia.com.br\/noticia\/wp-json\/wp\/v2\/media\/34681"}],"wp:attachment":[{"href":"https:\/\/migracao.redenoticia.com.br\/noticia\/wp-json\/wp\/v2\/media?parent=116740"}],"wp:term":[{"taxonomy":"category","embeddable":true,"href":"https:\/\/migracao.redenoticia.com.br\/noticia\/wp-json\/wp\/v2\/categories?post=116740"},{"taxonomy":"post_tag","embeddable":true,"href":"https:\/\/migracao.redenoticia.com.br\/noticia\/wp-json\/wp\/v2\/tags?post=116740"}],"curies":[{"name":"wp","href":"https:\/\/api.w.org\/{rel}","templated":true}]}}