{"id":116742,"date":"2017-07-10T00:07:35","date_gmt":"2017-07-10T03:07:35","guid":{"rendered":"https:\/\/www.redenoticia.com.br\/noticia\/?p=116742"},"modified":"2017-07-09T19:15:52","modified_gmt":"2017-07-09T22:15:52","slug":"pos-doutorado-em-ecologia-microbiana-e-bioinformatica-com-bolsa-da-fapesp","status":"publish","type":"post","link":"https:\/\/migracao.redenoticia.com.br\/noticia\/2017\/pos-doutorado-em-ecologia-microbiana-e-bioinformatica-com-bolsa-da-fapesp\/116742","title":{"rendered":"P\u00f3s-doutorado em Ecologia Microbiana e Bioinform\u00e1tica com Bolsa da FAPESP"},"content":{"rendered":"<p> Ag\u00eancia FAPESP \u2013 Uma <strong><em>vaga de p\u00f3s-doutorado<\/em><\/strong> est\u00e1 dispon\u00edvel no Centro de Energia Nuclear na Agricultura da Universidade de S\u00e3o Paulo (USP) para o Projeto Tem\u00e1tico . Prazo de inscri\u00e7\u00e3o vai at\u00e9 14 de julho de 2017.<\/p>\n<p>Supervisionado pela professora , o projeto visa estudar Bacteria\/Archaea envolvidas no consumo\/emiss\u00e3o de metano em solos sob diferentes usos da terra em compara\u00e7\u00e3o com a floresta natural. Ser\u00e3o investigados v\u00e1rios recursos metab\u00f3licos por meio da modelagem in silico e integra\u00e7\u00e3o funcional de dados -omics.<\/p>\n<p>Os candidatos devem apresentar conhecimento pr\u00e9vio em microbiologia ou \u00e1reas correlatas e tamb\u00e9m ter habilidades em an\u00e1lises independentes da cultura de comunidades microbianas, como extra\u00e7\u00e3o de DNA\/RNA, sequenciamento de DNA, bioinform\u00e1tica, modelagem e an\u00e1lises estat\u00edsticas.<\/p>\n<p>Al\u00e9m disso, \u00e9 desej\u00e1vel conhecimentos em software e plataformas para an\u00e1lises em larga escala (MG-RAST, QIIME, IMG\/M, entre outros) e tamb\u00e9m conhecimentos em diferentes linguagens computacionais como Python, Unix E R para an\u00e1lises estat\u00edsticas e modelagem. O bolsista ser\u00e1 envolvido em todas as etapas da aquisi\u00e7\u00e3o de dados microbiol\u00f3gicos, usando 12CH4 e 13CH4, incluindo a participa\u00e7\u00e3o em expedi\u00e7\u00f5es.<\/p>\n<p>Os candidatos dever\u00e3o mandar e-mail para tsai@cena.usp.br com a seguinte documenta\u00e7\u00e3o anexada: duas cartas de refer\u00eancia, curriculum com artigos publicados evidenciando as habilidades para conduzir o projeto e resumo da tese de doutorado.<\/p>\n<p>Mais informa\u00e7\u00f5es sobre a vaga est\u00e3o dispon\u00edveis em .<\/p>\n<p>A vaga est\u00e1 aberta a brasileiros e estrangeiros. O bolsista selecionado receber\u00e1 Bolsa de P\u00f3s-Doutorado da FAPESP no valor de R$ 6.819,30 mensais e Reserva T\u00e9cnica. A Reserva T\u00e9cnica de Bolsa de PD equivale a 15% do valor anual da bolsa e tem o objetivo de atender a despesas imprevistas e diretamente relacionadas \u00e0 atividade de pesquisa.<\/p>\n<p>Caso o bolsista de PD resida em domic\u00edlio diferente e precise se mudar para a cidade onde se localiza a institui\u00e7\u00e3o-sede da pesquisa, poder\u00e1 ter direito a um Aux\u00edlio-Instala\u00e7\u00e3o. Mais informa\u00e7\u00f5es sobre a Bolsa de P\u00f3s-Doutorado da FAPESP est\u00e3o dispon\u00edveis em .<\/p>\n<p>Outras vagas de bolsas, em diversas \u00e1reas do conhecimento, est\u00e3o no site FAPESP-Oportunidades, em .<\/p>\n","protected":false},"excerpt":{"rendered":"<p>Ag\u00eancia FAPESP \u2013 Uma vaga de p\u00f3s-doutorado est\u00e1 dispon\u00edvel no Centro de Energia Nuclear na Agricultura da Universidade de S\u00e3o Paulo (USP) para o Projeto Tem\u00e1tico . Prazo de inscri\u00e7\u00e3o vai at\u00e9 14 de julho de 2017. Supervisionado pela professora , o projeto visa estudar Bacteria\/Archaea envolvidas no consumo\/emiss\u00e3o de metano em solos sob diferentes [&hellip;]<\/p>\n","protected":false},"author":2,"featured_media":57576,"comment_status":"open","ping_status":"closed","sticky":false,"template":"","format":"standard","meta":{"tdm_status":"","tdm_grid_status":"","footnotes":""},"categories":[22,351,370],"tags":[],"class_list":{"0":"post-116742","1":"post","2":"type-post","3":"status-publish","4":"format-standard","5":"has-post-thumbnail","7":"category-brasil","8":"category-cursos","9":"category-inscricao"},"_links":{"self":[{"href":"https:\/\/migracao.redenoticia.com.br\/noticia\/wp-json\/wp\/v2\/posts\/116742","targetHints":{"allow":["GET"]}}],"collection":[{"href":"https:\/\/migracao.redenoticia.com.br\/noticia\/wp-json\/wp\/v2\/posts"}],"about":[{"href":"https:\/\/migracao.redenoticia.com.br\/noticia\/wp-json\/wp\/v2\/types\/post"}],"author":[{"embeddable":true,"href":"https:\/\/migracao.redenoticia.com.br\/noticia\/wp-json\/wp\/v2\/users\/2"}],"replies":[{"embeddable":true,"href":"https:\/\/migracao.redenoticia.com.br\/noticia\/wp-json\/wp\/v2\/comments?post=116742"}],"version-history":[{"count":0,"href":"https:\/\/migracao.redenoticia.com.br\/noticia\/wp-json\/wp\/v2\/posts\/116742\/revisions"}],"wp:featuredmedia":[{"embeddable":true,"href":"https:\/\/migracao.redenoticia.com.br\/noticia\/wp-json\/wp\/v2\/media\/57576"}],"wp:attachment":[{"href":"https:\/\/migracao.redenoticia.com.br\/noticia\/wp-json\/wp\/v2\/media?parent=116742"}],"wp:term":[{"taxonomy":"category","embeddable":true,"href":"https:\/\/migracao.redenoticia.com.br\/noticia\/wp-json\/wp\/v2\/categories?post=116742"},{"taxonomy":"post_tag","embeddable":true,"href":"https:\/\/migracao.redenoticia.com.br\/noticia\/wp-json\/wp\/v2\/tags?post=116742"}],"curies":[{"name":"wp","href":"https:\/\/api.w.org\/{rel}","templated":true}]}}