{"id":116752,"date":"2017-07-10T16:40:12","date_gmt":"2017-07-10T19:40:12","guid":{"rendered":"https:\/\/www.redenoticia.com.br\/noticia\/?p=116752"},"modified":"2017-07-10T20:23:18","modified_gmt":"2017-07-10T23:23:18","slug":"novela-ribeirao-do-tempo-resumo-1107-nicolau-quer-impedir-o-casamento-de-filo","status":"publish","type":"post","link":"https:\/\/migracao.redenoticia.com.br\/noticia\/2017\/novela-ribeirao-do-tempo-resumo-1107-nicolau-quer-impedir-o-casamento-de-filo\/116752","title":{"rendered":"Novela \u201cRibeir\u00e3o do Tempo\u201d resumo 11\/07: L\u00e9ia fica irritada com a pol\u00edcia de Ribeir\u00e3o"},"content":{"rendered":"<p> <img loading=\"lazy\" decoding=\"async\" src=\"https:\/\/migracao.redenoticia.com.br\/noticia\/imagens\/ribeirao_do_tempo_novela_record_resumo-150x112.jpg\" alt=\"\" width=\"150\" height=\"112\" class=\"alignleft size-thumbnail wp-image-108265\" srcset=\"https:\/\/migracao.redenoticia.com.br\/noticia\/imagens\/ribeirao_do_tempo_novela_record_resumo-150x112.jpg 150w, https:\/\/migracao.redenoticia.com.br\/noticia\/imagens\/ribeirao_do_tempo_novela_record_resumo-265x198.jpg 265w\" sizes=\"auto, (max-width: 150px) 100vw, 150px\" \/><strong><em>Novela \u201cRibeir\u00e3o do Tempo\u201d resumo 11\/07<\/em><\/strong>: no capitulo 091 (*) da novela \u201cRibeir\u00e3o do Tempo\u201d, ter\u00e7a-feira, 11 de julho, Arminda e Diana se abra\u00e7am tristes pelo sumi\u00e7o de Joca. Bill serve sopa para Joca, que est\u00e1 enfraquecido. Alguns populares ainda brigam e os policiais os cont\u00eam. C\u00e9lia sente dor nas costas, depois de ter levado uma pancada durante a confus\u00e3o. Joca acorda e Bill conta a ele que o encontrou desmaiado na margem do rio. Joca afirma que n\u00e3o se lembra de nada. Marta diz a L\u00e9ia que o carro de Joca foi rebocado e que n\u00e3o tem mais nenhuma not\u00edcia. L\u00e9ia fica irritada e diz que a pol\u00edcia de Ribeir\u00e3o n\u00e3o vale um centavo dos impostos que o povo paga. <\/p>\n<p>Sancha e Romeu tentam acalmar L\u00e9ia. Joca se lembra do que aconteceu e agradece a Bill por t\u00ea-lo ajudado. Marta fala para Ajuricaba que a carceragem est\u00e1 lotada e \u00e9 preciso providenciar comida para todos. O delegado manda a investigadora soltar todo mundo. Ajuricaba diz a Marta que Joca deve ter se metido com traficantes. Joca tenta pegar carona para voltar para Ribeir\u00e3o. Tito mostra para dois oper\u00e1rios o que deve ser consertado no quarto que vai ser dele e de Filomena. <\/p>\n<p>Clor\u00eds diz a Tito que n\u00e3o consegue entender como um casamento pode ser feito de forma t\u00e3o insana. Tito liga para Fil\u00f3 e conta que est\u00e1 reformando o quarto. Joca, finalmente, consegue carona com um caminhoneiro. Joca vai at\u00e9 a delegacia e de l\u00e1 liga para L\u00e9ia e a tranquiliza. Joca conta a Ajuricaba que sofreu um atentado e que Bill o ajudou. O detetive explica que o atentado contra ele tem a ver com o assassinato do senador e exige que o caso seja investigado. A secret\u00e1ria mostra a foto de Joca no jornal para Arminda e diz que ele est\u00e1 desaparecido. Joca chega em casa e L\u00e9ia o recebe, chorando. <\/p>\n<p>(*) edi\u00e7\u00e3o da Rede Record, Novela \u201cRibeir\u00e3o do Tempo\u201d, sujeito a altera\u00e7\u00e3o de data e conte\u00fado.<\/p>\n","protected":false},"excerpt":{"rendered":"<p>Novela \u201cRibeir\u00e3o do Tempo\u201d resumo 11\/07: no capitulo 091 (*) da novela \u201cRibeir\u00e3o do Tempo\u201d, ter\u00e7a-feira, 11 de julho, Arminda e Diana se abra\u00e7am tristes pelo sumi\u00e7o de Joca. Bill serve sopa para Joca, que est\u00e1 enfraquecido. Alguns populares ainda brigam e os policiais os cont\u00eam. C\u00e9lia sente dor nas costas, depois de ter levado [&hellip;]<\/p>\n","protected":false},"author":2,"featured_media":108265,"comment_status":"open","ping_status":"closed","sticky":false,"template":"","format":"standard","meta":{"tdm_status":"","tdm_grid_status":"","footnotes":""},"categories":[379,371,343],"tags":[441],"class_list":{"0":"post-116752","1":"post","2":"type-post","3":"status-publish","4":"format-standard","5":"has-post-thumbnail","7":"category-novelas","8":"category-rede-record","9":"category-televisao","10":"tag-resumo-do-dia"},"_links":{"self":[{"href":"https:\/\/migracao.redenoticia.com.br\/noticia\/wp-json\/wp\/v2\/posts\/116752","targetHints":{"allow":["GET"]}}],"collection":[{"href":"https:\/\/migracao.redenoticia.com.br\/noticia\/wp-json\/wp\/v2\/posts"}],"about":[{"href":"https:\/\/migracao.redenoticia.com.br\/noticia\/wp-json\/wp\/v2\/types\/post"}],"author":[{"embeddable":true,"href":"https:\/\/migracao.redenoticia.com.br\/noticia\/wp-json\/wp\/v2\/users\/2"}],"replies":[{"embeddable":true,"href":"https:\/\/migracao.redenoticia.com.br\/noticia\/wp-json\/wp\/v2\/comments?post=116752"}],"version-history":[{"count":0,"href":"https:\/\/migracao.redenoticia.com.br\/noticia\/wp-json\/wp\/v2\/posts\/116752\/revisions"}],"wp:featuredmedia":[{"embeddable":true,"href":"https:\/\/migracao.redenoticia.com.br\/noticia\/wp-json\/wp\/v2\/media\/108265"}],"wp:attachment":[{"href":"https:\/\/migracao.redenoticia.com.br\/noticia\/wp-json\/wp\/v2\/media?parent=116752"}],"wp:term":[{"taxonomy":"category","embeddable":true,"href":"https:\/\/migracao.redenoticia.com.br\/noticia\/wp-json\/wp\/v2\/categories?post=116752"},{"taxonomy":"post_tag","embeddable":true,"href":"https:\/\/migracao.redenoticia.com.br\/noticia\/wp-json\/wp\/v2\/tags?post=116752"}],"curies":[{"name":"wp","href":"https:\/\/api.w.org\/{rel}","templated":true}]}}