{"id":116774,"date":"2017-07-11T00:05:26","date_gmt":"2017-07-11T03:05:26","guid":{"rendered":"https:\/\/www.redenoticia.com.br\/noticia\/?p=116774"},"modified":"2017-07-10T15:44:03","modified_gmt":"2017-07-10T18:44:03","slug":"aproveite-as-ferias-para-fazer-um-curso-on-line-gratuito","status":"publish","type":"post","link":"https:\/\/migracao.redenoticia.com.br\/noticia\/2017\/aproveite-as-ferias-para-fazer-um-curso-on-line-gratuito\/116774","title":{"rendered":"Aproveite as f\u00e9rias para fazer um curso on-line gratuito"},"content":{"rendered":"<p> O per\u00edodo das f\u00e9rias escolares \u00e9 importante para descansar e recarregar as baterias para o segundo semestre do ano letivo. Mas o tempo livre\u00a0tamb\u00e9m pode ser uma \u00f3tima oportunidade para adquirir novos conhecimentos, afinal, aprender nunca \u00e9 demais. Pensando nisso, separamos algumas op\u00e7\u00f5es de onde encontrar <strong><em>cursos gratuitos<\/em><\/strong> oferecidos ou indicados por institui\u00e7\u00f5es vinculadas ao Governo do Estado de S\u00e3o Paulo. Confira abaixo:<\/p>\n<p>Univesp<\/p>\n<p>A plataforma da Universidade Virtual do Estado de S\u00e3o Paulo (UNIVESP) oferece aulas livres e gratuitas das mais variadas \u00e1reas do conhecimento. Para escolher o curso de maior interesse basta acessar este .<\/p>\n<p>Evesp<\/p>\n<p>A Escola Virtual de Programas Educacionais do Estado de S\u00e3o Paulo (EVESP) foi criada para oferecer programas educacionais regulares, especiais e de capacita\u00e7\u00e3o em situa\u00e7\u00f5es espec\u00edficas \u00e0 popula\u00e7\u00e3o. H\u00e1 uma s\u00e9rie de atividades dispon\u00edveis gratuitamente no site da Evesp para os alunos da rede p\u00fablica estadual de ensino. !<\/p>\n<p>Unesp<\/p>\n<p>\u00c9 poss\u00edvel estudar na Unesp de gra\u00e7a e sem sair de casa. A universidade disponibiliza mais de 70 cursos on-line. O servi\u00e7o \u00e9 aberto ao p\u00fablico e os interessados podem fazer quantas disciplinas quiserem, sem restri\u00e7\u00e3o de quantidade. Para mais informa\u00e7\u00f5es,\u00a0.<\/p>\n<p>Unicamp<\/p>\n<p>A Unicamp tamb\u00e9m oferece aprendizado on-line gratuito. Se o seu interesse \u00e9 aprender mais sobre neg\u00f3cios, o curso ideal \u00e9 Modelagem de Neg\u00f3cios. A atividade \u00e9 oferecida pela Ag\u00eancia de Inova\u00e7\u00e3o Inova Unicamp, em parceria com o Centro Paula Souza. .<\/p>\n<p>USP<\/p>\n<p>Tamb\u00e9m \u00e9 poss\u00edvel compartilhar conhecimento com a USP, que disponibiliza seus cursos on-line e gratuitos por meio da plataforma Veduca. Confira , escolha o curso de seu interesse e aproveite bem a oportunidade de aprender.<\/p>\n<p>Do Portal do Governo SP<\/p>\n","protected":false},"excerpt":{"rendered":"<p>O per\u00edodo das f\u00e9rias escolares \u00e9 importante para descansar e recarregar as baterias para o segundo semestre do ano letivo. Mas o tempo livre\u00a0tamb\u00e9m pode ser uma \u00f3tima oportunidade para adquirir novos conhecimentos, afinal, aprender nunca \u00e9 demais. Pensando nisso, separamos algumas op\u00e7\u00f5es de onde encontrar cursos gratuitos oferecidos ou indicados por institui\u00e7\u00f5es vinculadas ao [&hellip;]<\/p>\n","protected":false},"author":2,"featured_media":57577,"comment_status":"open","ping_status":"closed","sticky":false,"template":"","format":"standard","meta":{"tdm_status":"","tdm_grid_status":"","footnotes":""},"categories":[22,351,370],"tags":[],"class_list":{"0":"post-116774","1":"post","2":"type-post","3":"status-publish","4":"format-standard","5":"has-post-thumbnail","7":"category-brasil","8":"category-cursos","9":"category-inscricao"},"_links":{"self":[{"href":"https:\/\/migracao.redenoticia.com.br\/noticia\/wp-json\/wp\/v2\/posts\/116774","targetHints":{"allow":["GET"]}}],"collection":[{"href":"https:\/\/migracao.redenoticia.com.br\/noticia\/wp-json\/wp\/v2\/posts"}],"about":[{"href":"https:\/\/migracao.redenoticia.com.br\/noticia\/wp-json\/wp\/v2\/types\/post"}],"author":[{"embeddable":true,"href":"https:\/\/migracao.redenoticia.com.br\/noticia\/wp-json\/wp\/v2\/users\/2"}],"replies":[{"embeddable":true,"href":"https:\/\/migracao.redenoticia.com.br\/noticia\/wp-json\/wp\/v2\/comments?post=116774"}],"version-history":[{"count":0,"href":"https:\/\/migracao.redenoticia.com.br\/noticia\/wp-json\/wp\/v2\/posts\/116774\/revisions"}],"wp:featuredmedia":[{"embeddable":true,"href":"https:\/\/migracao.redenoticia.com.br\/noticia\/wp-json\/wp\/v2\/media\/57577"}],"wp:attachment":[{"href":"https:\/\/migracao.redenoticia.com.br\/noticia\/wp-json\/wp\/v2\/media?parent=116774"}],"wp:term":[{"taxonomy":"category","embeddable":true,"href":"https:\/\/migracao.redenoticia.com.br\/noticia\/wp-json\/wp\/v2\/categories?post=116774"},{"taxonomy":"post_tag","embeddable":true,"href":"https:\/\/migracao.redenoticia.com.br\/noticia\/wp-json\/wp\/v2\/tags?post=116774"}],"curies":[{"name":"wp","href":"https:\/\/api.w.org\/{rel}","templated":true}]}}